{"id":6897,"date":"2014-04-07T00:03:43","date_gmt":"2014-04-07T03:03:43","guid":{"rendered":"http:\/\/www.blogdotarugao.com.br\/v1\/?p=6897"},"modified":"2014-04-07T00:03:43","modified_gmt":"2014-04-07T03:03:43","slug":"apos-proposta-de-acm-neto-geddel-diz-que-levara-em-conta-interesse-publico","status":"publish","type":"post","link":"https:\/\/www.blogdotarugao.com.br\/v1\/2014\/04\/07\/apos-proposta-de-acm-neto-geddel-diz-que-levara-em-conta-interesse-publico\/","title":{"rendered":"Ap\u00f3s proposta de ACM Neto, Geddel diz que levar\u00e1 em conta interesse p\u00fablico"},"content":{"rendered":"<p><input type=\"image\" alt=\"\" src=\"http:\/\/bocaonews.com.br\/ckfinder\/userfiles\/fotos_e_imagens\/POLITICA\/geddel5(1).jpg\" \/><br \/>\nAp\u00f3s a op\u00e7\u00e3o do prefeito ACM Neto por Paulo Souto para que seja o &#8220;cabe\u00e7a&#8221; da oposi\u00e7\u00e3o nas pr\u00f3ximas elei\u00e7\u00f5es, restou ao peemedebista Geddel Vieira Lima duas op\u00e7\u00f5es: lan\u00e7ar uma candidatura pr\u00f3pria, fragmentando o grupo pol\u00edtico ou aceitar a proposta feita pelo l\u00edder do bloco, que ofereceu os postos de vice-governador e o Senado para que n\u00e3o desista de fazer parte da chapa.<\/p>\n<p>Reflexivo e balan\u00e7ado com a proposta, o ex-ministro da Integra\u00e7\u00e3o Nacional postou no Twitter:<\/p>\n<p>&#8220;Deixa eu dizer para voc\u00eas: Agora \u00e9 um momento meu. J\u00e1 ouvi todos. Decis\u00e3o s\u00f3 se toma voc\u00ea com voc\u00ea mesmo, levando em conta sua cren\u00e7a no interesse p\u00fablico&#8221;, escreveu Geddel em sua conta pessoal.<\/p>\n<p><input type=\"image\" alt=\"\" src=\"http:\/\/bocaonews.com.br\/ckfinder\/userfiles\/fotos_e_imagens\/TWITTER-FACE-PRINT\/GEDDEL_tWITTER.jpg\" \/><br \/>\nA decis\u00e3o de Geddel Vieira Lima \u00e9 aguardada, ansiosamente, pelos Democratas e pode ser decisiva nas pr\u00f3ximas elei\u00e7\u00f5es. Al\u00e9m de conversar com o prefeito, o peemedebista tamb\u00e9m sentou com Domingos Leonelli, do PSB. A di\u00e1logo girou em torno de uma alian\u00e7a nacional para apoiar o presidenci\u00e1vel Eduardo Campos.<\/p>\n","protected":false},"excerpt":{"rendered":"<p>Ap\u00f3s a op\u00e7\u00e3o do prefeito ACM Neto por Paulo Souto para que seja o &#8220;cabe\u00e7a&#8221; da oposi\u00e7\u00e3o nas pr\u00f3ximas elei\u00e7\u00f5es, restou ao peemedebista Geddel Vieira Lima duas op\u00e7\u00f5es: lan\u00e7ar uma candidatura pr\u00f3pria, fragmentando o grupo pol\u00edtico ou aceitar a proposta feita pelo l\u00edder do bloco, que ofereceu os postos de vice-governador e o Senado para [&hellip;]<\/p>\n","protected":false},"author":2,"featured_media":0,"comment_status":"open","ping_status":"open","sticky":false,"template":"","format":"standard","meta":{"_links_to":"","_links_to_target":""},"categories":[7],"tags":[],"_links":{"self":[{"href":"https:\/\/www.blogdotarugao.com.br\/v1\/wp-json\/wp\/v2\/posts\/6897"}],"collection":[{"href":"https:\/\/www.blogdotarugao.com.br\/v1\/wp-json\/wp\/v2\/posts"}],"about":[{"href":"https:\/\/www.blogdotarugao.com.br\/v1\/wp-json\/wp\/v2\/types\/post"}],"author":[{"embeddable":true,"href":"https:\/\/www.blogdotarugao.com.br\/v1\/wp-json\/wp\/v2\/users\/2"}],"replies":[{"embeddable":true,"href":"https:\/\/www.blogdotarugao.com.br\/v1\/wp-json\/wp\/v2\/comments?post=6897"}],"version-history":[{"count":1,"href":"https:\/\/www.blogdotarugao.com.br\/v1\/wp-json\/wp\/v2\/posts\/6897\/revisions"}],"predecessor-version":[{"id":6898,"href":"https:\/\/www.blogdotarugao.com.br\/v1\/wp-json\/wp\/v2\/posts\/6897\/revisions\/6898"}],"wp:attachment":[{"href":"https:\/\/www.blogdotarugao.com.br\/v1\/wp-json\/wp\/v2\/media?parent=6897"}],"wp:term":[{"taxonomy":"category","embeddable":true,"href":"https:\/\/www.blogdotarugao.com.br\/v1\/wp-json\/wp\/v2\/categories?post=6897"},{"taxonomy":"post_tag","embeddable":true,"href":"https:\/\/www.blogdotarugao.com.br\/v1\/wp-json\/wp\/v2\/tags?post=6897"}],"curies":[{"name":"wp","href":"https:\/\/api.w.org\/{rel}","templated":true}]}}