{"id":6917,"date":"2014-04-07T14:25:16","date_gmt":"2014-04-07T17:25:16","guid":{"rendered":"http:\/\/www.blogdotarugao.com.br\/v1\/?p=6917"},"modified":"2014-04-07T14:25:16","modified_gmt":"2014-04-07T17:25:16","slug":"anuncio-de-neto-e-rejeicao-dao-tom-a-semana-politica","status":"publish","type":"post","link":"https:\/\/www.blogdotarugao.com.br\/v1\/2014\/04\/07\/anuncio-de-neto-e-rejeicao-dao-tom-a-semana-politica\/","title":{"rendered":"An\u00fancio de Neto e rejei\u00e7\u00e3o d\u00e3o tom \u00e0 semana pol\u00edtica"},"content":{"rendered":"<div>\n<div><img title=\"An\u00fancio de Neto e rejei\u00e7\u00e3o d\u00e3o tom \u00e0 semana pol\u00edtica\" alt=\"An\u00fancio de Neto e rejei\u00e7\u00e3o d\u00e3o tom \u00e0 semana pol\u00edtica\" src=\"http:\/\/www.bahianoticias.com.br\/fotos\/principal_noticias\/152881\/xIMAGEM_NOTICIA_5.jpg.pagespeed.ic.g5LW-eKDgk.jpg\" \/><\/p>\n<div>Foto: Max Haack\/ Ag Haack\/ Bahia Not\u00edcias<\/div>\n<\/div>\n<div><\/div>\n<\/div>\n<div><strong>O prefeito de Salvador ACM Neto (DEM) deve anunciar nesta ter\u00e7a-feira (8) a chapa das oposi\u00e7\u00f5es para concorrer nas elei\u00e7\u00f5es de outubro. O\u00a0<a href=\"http:\/\/www.bahianoticias.com.br\/noticia\/152722-paulo-souto-e-o-candidato-de-acm-neto-pv-aguarda-definicao-de-geddel-para-ganhar-senado.html\" target=\"_blank\">martelo foi batido<\/a>\u00a0em rela\u00e7\u00e3o \u00e0 cabe\u00e7a da coliga\u00e7\u00e3o, com Paulo Souto (DEM), mas ap\u00f3s encomendar pesquisas Geddel Vieira Lima (PMDB) aguarda o resultado para\u00a0<a href=\"http:\/\/www.bahianoticias.com.br\/noticia\/152631-uniao-das-oposicoes-perto-do-fim-neto-deve-confirmar-souto-psc-revela-convite-de-geddel.html\" target=\"_blank\">definir o que deve fazer<\/a>. O peemedebista n\u00e3o quer ficar com a pecha de que saiu do bloc\u00e3o oposicionista e promoveu a vit\u00f3ria do candidato de situa\u00e7\u00e3o. Rui Costa (PT), diante de todos os nomes at\u00e9 ent\u00e3o postos, \u00e9 quem tem menor taxa de rejei\u00e7\u00e3o, por desconhecimento do grande eleitorado. Souto, Geddel e L\u00eddice da Mata (PSB) s\u00e3o antigos conhecidos e dividem as opini\u00f5es neste quesito.\u00a0<\/strong><\/div>\n","protected":false},"excerpt":{"rendered":"<p>Foto: Max Haack\/ Ag Haack\/ Bahia Not\u00edcias O prefeito de Salvador ACM Neto (DEM) deve anunciar nesta ter\u00e7a-feira (8) a chapa das oposi\u00e7\u00f5es para concorrer nas elei\u00e7\u00f5es de outubro. O\u00a0martelo foi batido\u00a0em rela\u00e7\u00e3o \u00e0 cabe\u00e7a da coliga\u00e7\u00e3o, com Paulo Souto (DEM), mas ap\u00f3s encomendar pesquisas Geddel Vieira Lima (PMDB) aguarda o resultado para\u00a0definir o que [&hellip;]<\/p>\n","protected":false},"author":2,"featured_media":0,"comment_status":"open","ping_status":"open","sticky":false,"template":"","format":"standard","meta":{"_links_to":"","_links_to_target":""},"categories":[7],"tags":[],"_links":{"self":[{"href":"https:\/\/www.blogdotarugao.com.br\/v1\/wp-json\/wp\/v2\/posts\/6917"}],"collection":[{"href":"https:\/\/www.blogdotarugao.com.br\/v1\/wp-json\/wp\/v2\/posts"}],"about":[{"href":"https:\/\/www.blogdotarugao.com.br\/v1\/wp-json\/wp\/v2\/types\/post"}],"author":[{"embeddable":true,"href":"https:\/\/www.blogdotarugao.com.br\/v1\/wp-json\/wp\/v2\/users\/2"}],"replies":[{"embeddable":true,"href":"https:\/\/www.blogdotarugao.com.br\/v1\/wp-json\/wp\/v2\/comments?post=6917"}],"version-history":[{"count":1,"href":"https:\/\/www.blogdotarugao.com.br\/v1\/wp-json\/wp\/v2\/posts\/6917\/revisions"}],"predecessor-version":[{"id":6918,"href":"https:\/\/www.blogdotarugao.com.br\/v1\/wp-json\/wp\/v2\/posts\/6917\/revisions\/6918"}],"wp:attachment":[{"href":"https:\/\/www.blogdotarugao.com.br\/v1\/wp-json\/wp\/v2\/media?parent=6917"}],"wp:term":[{"taxonomy":"category","embeddable":true,"href":"https:\/\/www.blogdotarugao.com.br\/v1\/wp-json\/wp\/v2\/categories?post=6917"},{"taxonomy":"post_tag","embeddable":true,"href":"https:\/\/www.blogdotarugao.com.br\/v1\/wp-json\/wp\/v2\/tags?post=6917"}],"curies":[{"name":"wp","href":"https:\/\/api.w.org\/{rel}","templated":true}]}}