{"id":69350,"date":"2016-10-23T19:50:43","date_gmt":"2016-10-23T22:50:43","guid":{"rendered":"http:\/\/www.blogdotarugao.com.br\/v1\/?p=69350"},"modified":"2016-10-23T19:50:43","modified_gmt":"2016-10-23T22:50:43","slug":"lazaro-ramos-diz-ter-sido-vitima-de-racismo-e-uma-ferida-enorme","status":"publish","type":"post","link":"https:\/\/www.blogdotarugao.com.br\/v1\/2016\/10\/23\/lazaro-ramos-diz-ter-sido-vitima-de-racismo-e-uma-ferida-enorme\/","title":{"rendered":"L\u00e1zaro Ramos diz ter sido v\u00edtima de racismo: \u201c\u00c9 uma ferida enorme\u201d"},"content":{"rendered":"<section class=\"post_content content-entretenimento clearfix\"><img loading=\"lazy\" class=\"aligncenter  wp-image-69351\" src=\"http:\/\/www.blogdotarugao.com.br\/v1\/wp-content\/uploads\/2016\/10\/lazaro-ramos.jpg\" alt=\"lazaro-ramos\" width=\"585\" height=\"409\" srcset=\"https:\/\/www.blogdotarugao.com.br\/v1\/wp-content\/uploads\/2016\/10\/lazaro-ramos.jpg 690w, https:\/\/www.blogdotarugao.com.br\/v1\/wp-content\/uploads\/2016\/10\/lazaro-ramos-300x210.jpg 300w\" sizes=\"(max-width: 585px) 100vw, 585px\" \/><\/p>\n<h3 style=\"text-align: justify;\">Ator tamb\u00e9m falou da import\u00e2ncia de ter mais negros na TV<\/h3>\n<h3 style=\"text-align: justify;\">O ator L\u00e1zaro Ramos revelou ter sido v\u00edtima de racismo em desabafo durante o programa \u201cEsquenta\u201d, na tarde deste domingo (23). O artista disse que passou por situa\u00e7\u00f5es constrangedoras durante os mais diversos est\u00e1gios da vida.<\/h3>\n<h3 style=\"text-align: justify;\">\u201cJ\u00e1 passei por constrangimentos v\u00e1rias vezes, como ir ao supermercado e ser seguido por seguran\u00e7a, por exemplo, isso \u00e9 constante na vida de um negro [no Brasil]. Eu, por ser uma pessoa p\u00fablica, posso falar aqui, mas sei que o negro, em casa, tamb\u00e9m est\u00e1 lembrando [agora] de ter passado por uma situa\u00e7\u00e3o como essa\u201d, declarou L\u00e1zaro.<\/h3>\n<h3 style=\"text-align: justify;\">\u201cA gente deve falar sobre esse assunto porque isso \u00e9 uma ferida enorme na nossa sociedade e a gente s\u00f3 vai ser um pa\u00eds melhor e pleno quando a gente aprender a admirar todas as caracter\u00edsticas de todas as pessoas e a gente se interessar pelo outro por aquilo que a gente n\u00e3o conhece\u201d, disse o ator no palco do programa.<\/h3>\n<h3 style=\"text-align: justify;\">O marido de Ta\u00eds Ara\u00fajo, que tamb\u00e9m esteve na atra\u00e7\u00e3o, tamb\u00e9m falou da import\u00e2ncia de ter mais negros na TV. \u201cAcho que n\u00e3o \u00e9 somente na frente das c\u00e2meras, mas atr\u00e1s tamb\u00e9m \u00e9 importante.<!--more--> Um fot\u00f3grafo que saiba iluminar bem a pele negra. Mais roteiristas para ter hist\u00f3rias mais variadas. Espero que a gente esteja em todos os lugares em uma quantidade muito maior. Essa \u00e9 um pouco a nossa luta\u201d, completou o ator.<\/h3>\n<h3 style=\"text-align: justify;\">Vale lembrar que, em mar\u00e7o, Ta\u00eds Ara\u00fajo tamb\u00e9m foi v\u00edtima de ataques racistas, via internet. Tr\u00eas homens foram identificados e presos.<\/h3>\n<\/section>\n<p>&nbsp;<\/p>\n","protected":false},"excerpt":{"rendered":"<p>Ator tamb\u00e9m falou da import\u00e2ncia de ter mais negros na TV O ator L\u00e1zaro Ramos revelou ter sido v\u00edtima de racismo em desabafo durante o programa \u201cEsquenta\u201d, na tarde deste domingo (23). O artista disse que passou por situa\u00e7\u00f5es constrangedoras durante os mais diversos est\u00e1gios da vida. \u201cJ\u00e1 passei por constrangimentos v\u00e1rias vezes, como ir [&hellip;]<\/p>\n","protected":false},"author":2,"featured_media":0,"comment_status":"open","ping_status":"open","sticky":false,"template":"","format":"standard","meta":{"_links_to":"","_links_to_target":""},"categories":[1],"tags":[],"_links":{"self":[{"href":"https:\/\/www.blogdotarugao.com.br\/v1\/wp-json\/wp\/v2\/posts\/69350"}],"collection":[{"href":"https:\/\/www.blogdotarugao.com.br\/v1\/wp-json\/wp\/v2\/posts"}],"about":[{"href":"https:\/\/www.blogdotarugao.com.br\/v1\/wp-json\/wp\/v2\/types\/post"}],"author":[{"embeddable":true,"href":"https:\/\/www.blogdotarugao.com.br\/v1\/wp-json\/wp\/v2\/users\/2"}],"replies":[{"embeddable":true,"href":"https:\/\/www.blogdotarugao.com.br\/v1\/wp-json\/wp\/v2\/comments?post=69350"}],"version-history":[{"count":1,"href":"https:\/\/www.blogdotarugao.com.br\/v1\/wp-json\/wp\/v2\/posts\/69350\/revisions"}],"predecessor-version":[{"id":69352,"href":"https:\/\/www.blogdotarugao.com.br\/v1\/wp-json\/wp\/v2\/posts\/69350\/revisions\/69352"}],"wp:attachment":[{"href":"https:\/\/www.blogdotarugao.com.br\/v1\/wp-json\/wp\/v2\/media?parent=69350"}],"wp:term":[{"taxonomy":"category","embeddable":true,"href":"https:\/\/www.blogdotarugao.com.br\/v1\/wp-json\/wp\/v2\/categories?post=69350"},{"taxonomy":"post_tag","embeddable":true,"href":"https:\/\/www.blogdotarugao.com.br\/v1\/wp-json\/wp\/v2\/tags?post=69350"}],"curies":[{"name":"wp","href":"https:\/\/api.w.org\/{rel}","templated":true}]}}