{"id":69651,"date":"2016-10-27T13:50:32","date_gmt":"2016-10-27T16:50:32","guid":{"rendered":"http:\/\/www.blogdotarugao.com.br\/v1\/?p=69651"},"modified":"2016-10-27T13:50:32","modified_gmt":"2016-10-27T16:50:32","slug":"reviravolta-no-caso-das-duas-criancas-desaparecidas","status":"publish","type":"post","link":"https:\/\/www.blogdotarugao.com.br\/v1\/2016\/10\/27\/reviravolta-no-caso-das-duas-criancas-desaparecidas\/","title":{"rendered":"REVIRAVOLTA NO CASO DAS DUAS CRIAN\u00c7AS DESAPARECIDAS"},"content":{"rendered":"<div class=\"PostContent\">\n<h3 style=\"text-align: justify;\"><strong><img loading=\"lazy\" class=\"  wp-image-69652 alignleft\" src=\"http:\/\/www.blogdotarugao.com.br\/v1\/wp-content\/uploads\/2016\/10\/guris.jpg\" alt=\"guris\" width=\"585\" height=\"355\" srcset=\"https:\/\/www.blogdotarugao.com.br\/v1\/wp-content\/uploads\/2016\/10\/guris.jpg 527w, https:\/\/www.blogdotarugao.com.br\/v1\/wp-content\/uploads\/2016\/10\/guris-300x182.jpg 300w\" sizes=\"(max-width: 585px) 100vw, 585px\" \/>Ap\u00f3s a Pol\u00edcia Civil disponibilizar para a fam\u00edlia dos garotos de 9 e 10 anos, as imagens do circuito da rodovi\u00e1ria de Vit\u00f3ria da Conquista, foi poss\u00edvel identificar que os meninos estavam sendo conduzidos por um homem alto e careca.<\/strong><\/h3>\n<h3 class=\"wp-caption alignleft\" style=\"text-align: justify; width: 593px;\"><a href=\"http:\/\/www.itororoja.com.br\/vitoria-da-conquista-reviravolta-no-caso-das-duas-criancas-desaparecidas\/whatsapp-image-2016-10-27-at-11-42-55-420x280\/\" rel=\"attachment wp-att-24885\"><img loading=\"lazy\" class=\"wp-image-24885 \" src=\"http:\/\/www.itororoja.com.br\/wp-content\/uploads\/2016\/10\/WhatsApp-Image-2016-10-27-at-11.42.55-420x280.jpg\" sizes=\"(max-width: 500px) 100vw, 500px\" srcset=\"http:\/\/www.itororoja.com.br\/wp-content\/uploads\/2016\/10\/WhatsApp-Image-2016-10-27-at-11.42.55-420x280-300x180.jpg 300w, http:\/\/www.itororoja.com.br\/wp-content\/uploads\/2016\/10\/WhatsApp-Image-2016-10-27-at-11.42.55-420x280.jpg 500w\" alt=\".\" width=\"583\" height=\"350\" \/><\/a><\/h3>\n<p class=\"wp-caption-text\">.<\/p>\n<h3 class=\"wp-caption alignleft\" style=\"text-align: justify; width: 594px;\"><a href=\"http:\/\/www.itororoja.com.br\/vitoria-da-conquista-reviravolta-no-caso-das-duas-criancas-desaparecidas\/14572766_879336905534826_4072779013898301383_n\/\" rel=\"attachment wp-att-24888\"><img loading=\"lazy\" class=\"wp-image-24888\" src=\"http:\/\/www.itororoja.com.br\/wp-content\/uploads\/2016\/10\/14572766_879336905534826_4072779013898301383_n.jpg\" sizes=\"(max-width: 500px) 100vw, 500px\" srcset=\"http:\/\/www.itororoja.com.br\/wp-content\/uploads\/2016\/10\/14572766_879336905534826_4072779013898301383_n-300x169.jpg 300w, http:\/\/www.itororoja.com.br\/wp-content\/uploads\/2016\/10\/14572766_879336905534826_4072779013898301383_n.jpg 960w\" alt=\".\" width=\"584\" height=\"328\" \/><\/a><\/h3>\n<p class=\"wp-caption-text\">.<\/p>\n<h3 style=\"text-align: justify;\"><strong>De acordo os familiares, eles ainda n\u00e3o sabem se conhecem o suspeito que aparece nas imagens.<\/strong><\/h3>\n<h3 style=\"text-align: justify;\"><strong>A nossa equipe de reportagem est\u00e1 no local com a fam\u00edlia e aguarda por mais informa\u00e7\u00f5es da investiga\u00e7\u00e3o, por parte da Pol\u00edcia Civil, a respeito\u00a0do suspeito de conduzir as crian\u00e7as.<\/strong><\/h3>\n<h3 style=\"text-align: justify;\"><strong>Os familiares n\u00e3o sabem por qual motivo os garotos fugiram de casa. Desesperados, eles tem pedido ajuda para quem tiver alguma informa\u00e7\u00e3o que possa ajuda localizar as crian\u00e7as que possa ligar para o telefone (77) 98858-5614.<\/strong><\/h3>\n<h3 style=\"text-align: justify;\"><strong>As crian\u00e7as est\u00e3o desaparecidas desde a madrugada desta quarta-feira (26). Gustavo dos Santos Pereira (9 anos) e Rafael dos Santos (10 anos) sa\u00edram de casa e n\u00e3o foram mais vistos, em Vit\u00f3ria da Conquista. As crian\u00e7as n\u00e3o moravam na mesma casa. Gustavo, mora com os pais, no bairro Santa Helena, e \u00e9 sobrinho de Rafael.<\/strong><\/h3>\n<h3 style=\"text-align: justify;\"><iframe loading=\"lazy\" src=\"https:\/\/www.youtube.com\/embed\/KMiQdzhZPUY\" width=\"585\" height=\"329\" frameborder=\"0\" allowfullscreen=\"allowfullscreen\"><\/iframe><\/h3>\n<\/div>\n","protected":false},"excerpt":{"rendered":"<p>Ap\u00f3s a Pol\u00edcia Civil disponibilizar para a fam\u00edlia dos garotos de 9 e 10 anos, as imagens do circuito da rodovi\u00e1ria de Vit\u00f3ria da Conquista, foi poss\u00edvel identificar que os meninos estavam sendo conduzidos por um homem alto e careca. . . De acordo os familiares, eles ainda n\u00e3o sabem se conhecem o suspeito que [&hellip;]<\/p>\n","protected":false},"author":2,"featured_media":69654,"comment_status":"open","ping_status":"open","sticky":false,"template":"","format":"standard","meta":{"_links_to":"","_links_to_target":""},"categories":[1],"tags":[],"_links":{"self":[{"href":"https:\/\/www.blogdotarugao.com.br\/v1\/wp-json\/wp\/v2\/posts\/69651"}],"collection":[{"href":"https:\/\/www.blogdotarugao.com.br\/v1\/wp-json\/wp\/v2\/posts"}],"about":[{"href":"https:\/\/www.blogdotarugao.com.br\/v1\/wp-json\/wp\/v2\/types\/post"}],"author":[{"embeddable":true,"href":"https:\/\/www.blogdotarugao.com.br\/v1\/wp-json\/wp\/v2\/users\/2"}],"replies":[{"embeddable":true,"href":"https:\/\/www.blogdotarugao.com.br\/v1\/wp-json\/wp\/v2\/comments?post=69651"}],"version-history":[{"count":1,"href":"https:\/\/www.blogdotarugao.com.br\/v1\/wp-json\/wp\/v2\/posts\/69651\/revisions"}],"predecessor-version":[{"id":69653,"href":"https:\/\/www.blogdotarugao.com.br\/v1\/wp-json\/wp\/v2\/posts\/69651\/revisions\/69653"}],"wp:featuredmedia":[{"embeddable":true,"href":"https:\/\/www.blogdotarugao.com.br\/v1\/wp-json\/wp\/v2\/media\/69654"}],"wp:attachment":[{"href":"https:\/\/www.blogdotarugao.com.br\/v1\/wp-json\/wp\/v2\/media?parent=69651"}],"wp:term":[{"taxonomy":"category","embeddable":true,"href":"https:\/\/www.blogdotarugao.com.br\/v1\/wp-json\/wp\/v2\/categories?post=69651"},{"taxonomy":"post_tag","embeddable":true,"href":"https:\/\/www.blogdotarugao.com.br\/v1\/wp-json\/wp\/v2\/tags?post=69651"}],"curies":[{"name":"wp","href":"https:\/\/api.w.org\/{rel}","templated":true}]}}