{"id":7076,"date":"2014-04-10T07:03:17","date_gmt":"2014-04-10T10:03:17","guid":{"rendered":"http:\/\/www.blogdotarugao.com.br\/v1\/?p=7076"},"modified":"2014-04-10T07:03:17","modified_gmt":"2014-04-10T10:03:17","slug":"o-peso-das-negociacoes-da-chapa-das-oposicoes","status":"publish","type":"post","link":"https:\/\/www.blogdotarugao.com.br\/v1\/2014\/04\/10\/o-peso-das-negociacoes-da-chapa-das-oposicoes\/","title":{"rendered":"O peso das negocia\u00e7\u00f5es da chapa das oposi\u00e7\u00f5es"},"content":{"rendered":"<div>\n<div><img title=\"O peso das negocia\u00e7\u00f5es da chapa das oposi\u00e7\u00f5es\" alt=\"O peso das negocia\u00e7\u00f5es da chapa das oposi\u00e7\u00f5es\" src=\"http:\/\/www.bahianoticias.com.br\/fotos\/principal_noticias\/153006\/xIMAGEM_NOTICIA_5.jpg.pagespeed.ic.qcvjjbo5en.jpg\" \/><\/p>\n<div>Foto: Max Haack \/ Ag. Haack \/ Bahia Not\u00edcias<\/div>\n<\/div>\n<div><\/div>\n<\/div>\n<div><strong>Esta semana tem sido muito dif\u00edcil para os negociadores da chapa das oposi\u00e7\u00f5es. Como j\u00e1 foi divulgado pelo jornalista Raul Monteiro, Geddel Vieira Lima (PMDB), que perdeu a vaga de candidato a governador na chapa para Paulo Souto (DEM), estaria pedindo demais. De acordo com o que se comenta, o ex-ministro condicionou a sua disputa ao Senado a mais duas secretarias na prefeitura, \u00e0 presid\u00eancia da Assembleia Legislativa do Bahia (AL-BA), a duas secretarias de peso no governo Paulo Souto, em caso de vit\u00f3ria, \u00e0 indica\u00e7\u00e3o do vice-governador e do pr\u00f3ximo vice-prefeito de ACM Neto (DEM), que muito provavelmente, ap\u00f3s uma poss\u00edvel sa\u00edda de Neto a candidato para a chapa majorit\u00e1ria estadual, em 2018, se tornaria prefeito ap\u00f3s dois anos de governo. Politicos ligados ao democrata acham dif\u00edcil tal negocia\u00e7\u00e3o. Segundo eles, ACM Neto s\u00f3 aceita falar sobre a composi\u00e7\u00e3o da chapa e cargos na atual gest\u00e3o. O disse-me-disse \u00e9 t\u00e3o grande que j\u00e1 afirmaram que Geddel tentou uma aproxima\u00e7\u00e3o com Eduardo Campos (PSB) e almo\u00e7ou com Rui Costa (PT). Como disse o nosso colunista Zeca de Aphonso, Geddel parou o baba, botou a bola debaixo do bra\u00e7o e gritou: voc\u00eas v\u00e3o ter que me incluir.<\/strong><\/div>\n","protected":false},"excerpt":{"rendered":"<p>Foto: Max Haack \/ Ag. Haack \/ Bahia Not\u00edcias Esta semana tem sido muito dif\u00edcil para os negociadores da chapa das oposi\u00e7\u00f5es. Como j\u00e1 foi divulgado pelo jornalista Raul Monteiro, Geddel Vieira Lima (PMDB), que perdeu a vaga de candidato a governador na chapa para Paulo Souto (DEM), estaria pedindo demais. De acordo com o [&hellip;]<\/p>\n","protected":false},"author":2,"featured_media":0,"comment_status":"open","ping_status":"open","sticky":false,"template":"","format":"standard","meta":{"_links_to":"","_links_to_target":""},"categories":[1,7],"tags":[],"_links":{"self":[{"href":"https:\/\/www.blogdotarugao.com.br\/v1\/wp-json\/wp\/v2\/posts\/7076"}],"collection":[{"href":"https:\/\/www.blogdotarugao.com.br\/v1\/wp-json\/wp\/v2\/posts"}],"about":[{"href":"https:\/\/www.blogdotarugao.com.br\/v1\/wp-json\/wp\/v2\/types\/post"}],"author":[{"embeddable":true,"href":"https:\/\/www.blogdotarugao.com.br\/v1\/wp-json\/wp\/v2\/users\/2"}],"replies":[{"embeddable":true,"href":"https:\/\/www.blogdotarugao.com.br\/v1\/wp-json\/wp\/v2\/comments?post=7076"}],"version-history":[{"count":1,"href":"https:\/\/www.blogdotarugao.com.br\/v1\/wp-json\/wp\/v2\/posts\/7076\/revisions"}],"predecessor-version":[{"id":7077,"href":"https:\/\/www.blogdotarugao.com.br\/v1\/wp-json\/wp\/v2\/posts\/7076\/revisions\/7077"}],"wp:attachment":[{"href":"https:\/\/www.blogdotarugao.com.br\/v1\/wp-json\/wp\/v2\/media?parent=7076"}],"wp:term":[{"taxonomy":"category","embeddable":true,"href":"https:\/\/www.blogdotarugao.com.br\/v1\/wp-json\/wp\/v2\/categories?post=7076"},{"taxonomy":"post_tag","embeddable":true,"href":"https:\/\/www.blogdotarugao.com.br\/v1\/wp-json\/wp\/v2\/tags?post=7076"}],"curies":[{"name":"wp","href":"https:\/\/api.w.org\/{rel}","templated":true}]}}