{"id":7097,"date":"2014-04-10T17:32:39","date_gmt":"2014-04-10T20:32:39","guid":{"rendered":"http:\/\/www.blogdotarugao.com.br\/v1\/?p=7097"},"modified":"2014-04-10T17:32:39","modified_gmt":"2014-04-10T20:32:39","slug":"geddel-manda-recado-quem-deve-estar-preocupado-e-otto","status":"publish","type":"post","link":"https:\/\/www.blogdotarugao.com.br\/v1\/2014\/04\/10\/geddel-manda-recado-quem-deve-estar-preocupado-e-otto\/","title":{"rendered":"Geddel manda recado: quem deve estar preocupado \u00e9 Otto"},"content":{"rendered":"<p><img title=\"Foto: Gilberto J\u00fanior \/\/ Boc\u00e3o News\" alt=\"\" src=\"http:\/\/www.bocaonews.com.br\/ckfinder\/userfiles\/fotos_e_imagens\/POLITICA\/BAHIA\/Geddel_assembleia_bocaonews_gj%20(7).JPG\" \/><\/p>\n<p>O presidente estadual do PMDB, Geddel Vieira Lima, j\u00e1 deixou a ideia de ser candidato ao governo do estado e se prepara para disputar a \u00fanica vaga destinada ao Senado nesta elei\u00e7\u00e3o. A<a href=\"http:\/\/www.bocaonews.com.br\/noticias\/principal\/politica\/84346,chapa-fechada-geddel-vai-para-o-senado.html\" target=\"_blank\">chapa da oposi\u00e7\u00e3o\u00a0<\/a>ser\u00e1 formada por Paulo Souto, Joaci G\u00f3es e o peemedebista. Pela frente, ter\u00e1 Otto Alencar (PSD) e Eliana Calmon (PSB\/Rede).<\/p>\n<p>Embora reconhe\u00e7a que tenha divergido do processo, o peemedebista situa os percal\u00e7os no passado e \u201cbola para frente\u201d. \u201cA vida n\u00e3o pode ser constru\u00edda com ressentimento. Estas quest\u00f5es ficaram no passado. Agora, \u00e9 pensar na elei\u00e7\u00e3o porque demos um recado para aqueles que n\u00e3o acreditaram\u201d.<\/p>\n<p>O ex-ministro da Integra\u00e7\u00e3o Nacional destaca ainda a decis\u00e3o de indicar Joaci G\u00f3es. \u201cAos intrigueiros de plant\u00e3o demos o recado de que apesar de ter sido oferecida a vice e o Senado ao PMDB n\u00f3s optamos por manter o grupo unido e coeso\u201d.<\/p>\n<p>A indica\u00e7\u00e3o do ex-deputado federal constituinte n\u00e3o veio do ninho tucano, mas tamb\u00e9m n\u00e3o encontrou resist\u00eancia. Ao menos, Jutahy Magalh\u00e3es e Ant\u00f4nio Imbassay n\u00e3o impuseram. Com Jo\u00e3o Gualberto, principal postulante \u00e0 vaga pelo PSDB, Geddel ainda n\u00e3o falou.<\/p>\n<p>\u201cA nossa indica\u00e7\u00e3o n\u00e3o se sustenta em nenhuma persegui\u00e7\u00e3o ou quest\u00e3o pessoal. Avaliamos que Joaci poderia agregar mais \u00e0 chapa neste momento e o indicamos. A hist\u00f3ria de Joaci todos conhecem. Gualberto certamente dar\u00e1 grande contribui\u00e7\u00e3o \u00e0 Bahia naquilo que decidir fazer\u201d.<\/p>\n<p><strong>Otto<\/strong><\/p>\n<p>Otto Alencar foi o primeiro pr\u00e9-candidato anunciado na Bahia. Desde o in\u00edcio do ano passado, o ent\u00e3o vice-governador j\u00e1 proclamava que gostaria de disputar a cadeira na Casa Alta do Congresso Nacional.<\/p>\n<p>O que para muitos \u00e9 uma vantagem que deixaria temer\u00e1rio qualquer concorrente direto, Geddel garante que n\u00e3o tem raz\u00e3o para temer e ao contr\u00e1rio. \u201cQuem deve estar preocupado \u00e9 Otto Alencar. Basta consultar as pesquisa internas\u201d.<\/p>\n<p><strong>Proporcionais<\/strong><\/p>\n<p>Decidida a chapa majorit\u00e1ria do grupo (Paulo Souto, Joaci G\u00f3es e Geddel Vieira Lima) agora \u00e9 a hora de encontrar o melhor arranjo para os candidatos ao legislativo federal e estadual.<\/p>\n<p>Deputados peemedebistas passaram a semana com a respira\u00e7\u00e3o presa esperando o desfecho. A preocupa\u00e7\u00e3o girava em torno de novo rompimento da alian\u00e7a, o que n\u00e3o se confirmou.<\/p>\n<p>Geddel n\u00e3o falou em n\u00fameros, mas o que se espera \u00e9 um aumento significativo na quantidade de representantes do DEM, PSDB, PMDB e PTN, na C\u00e2mara Federal e na Assembleia Legislativa da Bahia.<\/p>\n","protected":false},"excerpt":{"rendered":"<p>O presidente estadual do PMDB, Geddel Vieira Lima, j\u00e1 deixou a ideia de ser candidato ao governo do estado e se prepara para disputar a \u00fanica vaga destinada ao Senado nesta elei\u00e7\u00e3o. Achapa da oposi\u00e7\u00e3o\u00a0ser\u00e1 formada por Paulo Souto, Joaci G\u00f3es e o peemedebista. Pela frente, ter\u00e1 Otto Alencar (PSD) e Eliana Calmon (PSB\/Rede). Embora [&hellip;]<\/p>\n","protected":false},"author":2,"featured_media":0,"comment_status":"open","ping_status":"open","sticky":false,"template":"","format":"standard","meta":{"_links_to":"","_links_to_target":""},"categories":[7],"tags":[],"_links":{"self":[{"href":"https:\/\/www.blogdotarugao.com.br\/v1\/wp-json\/wp\/v2\/posts\/7097"}],"collection":[{"href":"https:\/\/www.blogdotarugao.com.br\/v1\/wp-json\/wp\/v2\/posts"}],"about":[{"href":"https:\/\/www.blogdotarugao.com.br\/v1\/wp-json\/wp\/v2\/types\/post"}],"author":[{"embeddable":true,"href":"https:\/\/www.blogdotarugao.com.br\/v1\/wp-json\/wp\/v2\/users\/2"}],"replies":[{"embeddable":true,"href":"https:\/\/www.blogdotarugao.com.br\/v1\/wp-json\/wp\/v2\/comments?post=7097"}],"version-history":[{"count":1,"href":"https:\/\/www.blogdotarugao.com.br\/v1\/wp-json\/wp\/v2\/posts\/7097\/revisions"}],"predecessor-version":[{"id":7098,"href":"https:\/\/www.blogdotarugao.com.br\/v1\/wp-json\/wp\/v2\/posts\/7097\/revisions\/7098"}],"wp:attachment":[{"href":"https:\/\/www.blogdotarugao.com.br\/v1\/wp-json\/wp\/v2\/media?parent=7097"}],"wp:term":[{"taxonomy":"category","embeddable":true,"href":"https:\/\/www.blogdotarugao.com.br\/v1\/wp-json\/wp\/v2\/categories?post=7097"},{"taxonomy":"post_tag","embeddable":true,"href":"https:\/\/www.blogdotarugao.com.br\/v1\/wp-json\/wp\/v2\/tags?post=7097"}],"curies":[{"name":"wp","href":"https:\/\/api.w.org\/{rel}","templated":true}]}}