{"id":7188,"date":"2014-04-12T19:54:21","date_gmt":"2014-04-12T22:54:21","guid":{"rendered":"http:\/\/www.blogdotarugao.com.br\/v1\/?p=7188"},"modified":"2014-04-12T19:54:21","modified_gmt":"2014-04-12T22:54:21","slug":"a-favor-da-moralidade-na-camara-de-vereadores-alfredo-deve-fechar-acordo-com-oposicao","status":"publish","type":"post","link":"https:\/\/www.blogdotarugao.com.br\/v1\/2014\/04\/12\/a-favor-da-moralidade-na-camara-de-vereadores-alfredo-deve-fechar-acordo-com-oposicao\/","title":{"rendered":"A favor da Moralidade na C\u00e2mara de Vereadores Alfredo deve fechar acordo com oposi\u00e7\u00e3o"},"content":{"rendered":"<p><a href=\"http:\/\/www.blogdodigadiga.com.br\/v1\/wp-content\/uploads\/2013\/12\/DSC01148.jpg\" class=\"gallery_colorbox\" data-slb-group=\"12689\" data-slb-active=\"1\" data-slb-internal=\"0\"><img loading=\"lazy\" alt=\"Foto: Blog do Diga Diga\" src=\"http:\/\/www.blogdodigadiga.com.br\/v1\/wp-content\/uploads\/2013\/12\/DSC01148.jpg\"  width=\"448\" height=\"336\" \/><\/a><\/p>\n<p>Foto: Blog do Diga Diga<\/p>\n<p>O vereador Alfredo Cabral de Assis (PSD), que pertence a base governista, poder\u00e1 mais uma vez unir aos vereadores de oposi\u00e7\u00e3o em prol da Moralidade na C\u00e2mara de Vereadores de Itapetinga com o objetivo de eleger o novo presidente da casa legislativa.<\/p>\n<p>Sob articula\u00e7\u00e3o do PDT municipal a mesa diretora da C\u00e2mara conseguiu antecipar a elei\u00e7\u00e3o da presid\u00eancia, para o bi\u00eanio 2015\/2016, para a pr\u00f3xima quarta-feira, dia 16 de abril, na sess\u00e3o designada para as 10h da manh\u00e3.<\/p>\n<p>Em conversa com o Blog do Diga Diga o vereador Alfredo Cabral disse, \u201ceu perten\u00e7o a base do governo e ligado a um partido da coliga\u00e7\u00e3o. Isso n\u00e3o quer dizer que tenha de concordar com tudo que \u00e9 de iniciativa do governo, na quest\u00e3o da elei\u00e7\u00e3o da mesa, qualquer um vereador tem condi\u00e7\u00f5es de ser presidente, por\u00e9m, eu gostaria de ver uma mesa que desse mais dinamismo nos trabalhos e nos representasse nas discuss\u00f5es dos problemas que aflige a comunidade\u201d, disse o vereador Alfredo Cabral.<\/p>\n<p>A comunidade de Itapetinga tem o Vereador Alfredo Cabral como um dos mais s\u00e9rios, sua conduta na c\u00e2mara tem sido bastante elogiada, mesmo sendo do lado do Prefeito Jos\u00e9 Carlos Moura (PT) ele lutou para aprova\u00e7\u00e3o do Projeto da Lei da Ficha Limpa, vetado pelo prefeito.<\/p>\n<p>A atual mesa diretora \u00e9 comandada pelo PDT, e segundo informa\u00e7\u00f5es, a antecipa\u00e7\u00e3o da elei\u00e7\u00e3o pode ser uma articula\u00e7\u00e3o do assessor especial do Prefeito Jos\u00e9 Carlos Moura, Romildo Teixeira e Hild\u00e9rico Nogueira (Tiquinho), para manter o partido no comando da casa. O candidato da base situacionista \u00e9 o vereador Valdeir Chagas (PDT).<\/p>\n<p>Os nomes dos Candidatos da oposi\u00e7\u00e3o s\u00e3o os Peemedebistas Jo\u00e3o Carlos e Jo\u00e3o de Deus, al\u00e9m do vereador Marcos Gabriele que apesar de pertencer ao partido do Prefeito vota com a oposi\u00e7\u00e3o. Com o apoio do vereador Alfredo Cabral a oposi\u00e7\u00e3o fecha a maioria dos votos, ou seja, 08 vereadores.<\/p>\n<p><strong>Fonte: Blog do Diga Diga<\/strong><\/p>\n","protected":false},"excerpt":{"rendered":"<p>Foto: Blog do Diga Diga O vereador Alfredo Cabral de Assis (PSD), que pertence a base governista, poder\u00e1 mais uma vez unir aos vereadores de oposi\u00e7\u00e3o em prol da Moralidade na C\u00e2mara de Vereadores de Itapetinga com o objetivo de eleger o novo presidente da casa legislativa. Sob articula\u00e7\u00e3o do PDT municipal a mesa diretora [&hellip;]<\/p>\n","protected":false},"author":2,"featured_media":0,"comment_status":"open","ping_status":"open","sticky":false,"template":"","format":"standard","meta":{"_links_to":"","_links_to_target":""},"categories":[2,7],"tags":[],"_links":{"self":[{"href":"https:\/\/www.blogdotarugao.com.br\/v1\/wp-json\/wp\/v2\/posts\/7188"}],"collection":[{"href":"https:\/\/www.blogdotarugao.com.br\/v1\/wp-json\/wp\/v2\/posts"}],"about":[{"href":"https:\/\/www.blogdotarugao.com.br\/v1\/wp-json\/wp\/v2\/types\/post"}],"author":[{"embeddable":true,"href":"https:\/\/www.blogdotarugao.com.br\/v1\/wp-json\/wp\/v2\/users\/2"}],"replies":[{"embeddable":true,"href":"https:\/\/www.blogdotarugao.com.br\/v1\/wp-json\/wp\/v2\/comments?post=7188"}],"version-history":[{"count":1,"href":"https:\/\/www.blogdotarugao.com.br\/v1\/wp-json\/wp\/v2\/posts\/7188\/revisions"}],"predecessor-version":[{"id":7189,"href":"https:\/\/www.blogdotarugao.com.br\/v1\/wp-json\/wp\/v2\/posts\/7188\/revisions\/7189"}],"wp:attachment":[{"href":"https:\/\/www.blogdotarugao.com.br\/v1\/wp-json\/wp\/v2\/media?parent=7188"}],"wp:term":[{"taxonomy":"category","embeddable":true,"href":"https:\/\/www.blogdotarugao.com.br\/v1\/wp-json\/wp\/v2\/categories?post=7188"},{"taxonomy":"post_tag","embeddable":true,"href":"https:\/\/www.blogdotarugao.com.br\/v1\/wp-json\/wp\/v2\/tags?post=7188"}],"curies":[{"name":"wp","href":"https:\/\/api.w.org\/{rel}","templated":true}]}}