{"id":7554,"date":"2014-04-21T19:32:12","date_gmt":"2014-04-21T22:32:12","guid":{"rendered":"http:\/\/www.blogdotarugao.com.br\/v1\/?p=7554"},"modified":"2014-04-21T11:35:25","modified_gmt":"2014-04-21T14:35:25","slug":"velozes-e-furiosos-7-vin-diesel-grava-emocionado-video-em-homenagem-a-paul-walker","status":"publish","type":"post","link":"https:\/\/www.blogdotarugao.com.br\/v1\/2014\/04\/21\/velozes-e-furiosos-7-vin-diesel-grava-emocionado-video-em-homenagem-a-paul-walker\/","title":{"rendered":"Velozes e Furiosos 7 | Vin Diesel grava emocionado v\u00eddeo em homenagem a Paul Walker"},"content":{"rendered":"<h2>Irm\u00e3os do falecido ator participar\u00e3o das filmagens<\/h2>\n<p><img alt=\"\" src=\"https:\/\/fbcdn-sphotos-e-a.akamaihd.net\/hphotos-ak-prn1\/t1.0-9\/10253788_10151789017758239_3303055506891452830_n.png\" \/><\/p>\n<p>Al\u00e9m da\u00a0<a href=\"http:\/\/omelete.uol.com.br\/velozes\/cinema\/velozes-e-furiosos-7-vin-diesel-grava-emocionado-video-em-homenagem-paul-walker\/#\" rel=\"nofollow\">homenagem<\/a>\u00a0feita a\u00a0<strong>Paul Walker<\/strong>\u00a0no\u00a0<em>MTV Movie Awards<\/em>,\u00a0<strong>Vin Diesel<\/strong>\u00a0\u00a0<a href=\"http:\/\/omelete.uol.com.br\/velozes\/cinema\/velozes-e-furiosos-7-vin-diesel-grava-emocionado-video-em-homenagem-paul-walker\/#\" rel=\"nofollow\">gravou<\/a>\u00a0um emocionado\u00a0<a href=\"http:\/\/omelete.uol.com.br\/velozes\/cinema\/velozes-e-furiosos-7-vin-diesel-grava-emocionado-video-em-homenagem-paul-walker\/#\" rel=\"nofollow\">v\u00eddeo<\/a>\u00a0 de agradecimento pelo pr\u00eamio de\u00a0<a href=\"http:\/\/omelete.uol.com.br\/velozes\/cinema\/velozes-e-furiosos-7-vin-diesel-grava-emocionado-video-em-homenagem-paul-walker\/#\" rel=\"nofollow\">Melhor<\/a>\u00a0Time em cena que n\u00e3o foi exibido durante a premia\u00e7\u00e3o &#8211; &#8220;<em>Em 2002, foi o p\u00fablico da MTV que reconheceu a irmandade entre eu e Paul Walker ao nos honrar com o pr\u00eamio de melhor time em cena. Ent\u00e3o \u00e9 surreal estar aqui e, 12 anos depois, e que voc\u00eas tenham nos dado esse pr\u00eamio generoso mais uma vez. (&#8230;) Eu gostaria que Paul estivesse aqui, mas eu sei que ele est\u00e1 em esp\u00edrito. Obrigado por honrar a mim e, mais importante, obrigado por honrar aquele anjo, meu irm\u00e3o Paul Walke<\/em>r&#8221;:<\/p>\n<p><iframe loading=\"lazy\" src=\"http:\/\/www.facebook.com\/plugins\/post.php?app_id=&amp;channel=http%3A%2F%2Fstatic.ak.facebook.com%2Fconnect%2Fxd_arbiter%2F8n77RrR4jg0.js%3Fversion%3D40%23cb%3Df3ab6751c4%26domain%3Dvariety.com%26origin%3Dhttp%253A%252F%252Fvariety.com%252Ff20d77591c%26relation%3Dparent.parent&amp;href=https%3A%2F%2Fwww.facebook.com%2Fphoto.php%3Fv%3D10152454203493313%26set%3Dvb.89562268312%26type%3D2%26theater&amp;locale=en_US&amp;sdk=joey\" height=\"450\" width=\"550\" frameborder=\"0\" scrolling=\"no\"><\/iframe><\/p>\n<p>&nbsp;<\/p>\n<p>Diesel atualmente participa das filmagens de\u00a0<em>Velozes e Furiosos 7<\/em>, que foram retomadas neste m\u00eas depois de serem\u00a0interrompidas no ano passado pela morte de Walker\u00a0<a href=\"http:\/\/omelete.uol.com.br\/cinema\/morre-paul-walker-ator-de-velozes-e-furiosos\/\">em um acidente de carro<\/a>. A produ\u00e7\u00e3o contar\u00e1 com a ajuda dos irm\u00e3os de Walker, Caleb e Cody, e computa\u00e7\u00e3o gr\u00e1fica para concluir a participa\u00e7\u00e3o do ator na franquia.<\/p>\n<p><em>Velozes e Furiosos 7<\/em>\u00a0estreia em 10 de abril de 2015.<\/p>\n<p>No player abaixo, veja um Omelete Hyperdrive especial sobre a carreira de Paul Walker:<\/p>\n<p><iframe loading=\"lazy\" src=\"http:\/\/www.youtube.com\/embed\/iYp3fq_mMyE?wmode=transparent&amp;wmode=transparent&amp;wmode=transparent\" height=\"349\" width=\"620\" frameborder=\"0\"><\/iframe><\/p>\n<p>&nbsp;<\/p>\n","protected":false},"excerpt":{"rendered":"<p>Irm\u00e3os do falecido ator participar\u00e3o das filmagens Al\u00e9m da\u00a0homenagem\u00a0feita a\u00a0Paul Walker\u00a0no\u00a0MTV Movie Awards,\u00a0Vin Diesel\u00a0\u00a0gravou\u00a0um emocionado\u00a0v\u00eddeo\u00a0 de agradecimento pelo pr\u00eamio de\u00a0Melhor\u00a0Time em cena que n\u00e3o foi exibido durante a premia\u00e7\u00e3o &#8211; &#8220;Em 2002, foi o p\u00fablico da MTV que reconheceu a irmandade entre eu e Paul Walker ao nos honrar com o pr\u00eamio de melhor time [&hellip;]<\/p>\n","protected":false},"author":2,"featured_media":0,"comment_status":"open","ping_status":"open","sticky":false,"template":"","format":"standard","meta":{"_links_to":"","_links_to_target":""},"categories":[1,7],"tags":[],"_links":{"self":[{"href":"https:\/\/www.blogdotarugao.com.br\/v1\/wp-json\/wp\/v2\/posts\/7554"}],"collection":[{"href":"https:\/\/www.blogdotarugao.com.br\/v1\/wp-json\/wp\/v2\/posts"}],"about":[{"href":"https:\/\/www.blogdotarugao.com.br\/v1\/wp-json\/wp\/v2\/types\/post"}],"author":[{"embeddable":true,"href":"https:\/\/www.blogdotarugao.com.br\/v1\/wp-json\/wp\/v2\/users\/2"}],"replies":[{"embeddable":true,"href":"https:\/\/www.blogdotarugao.com.br\/v1\/wp-json\/wp\/v2\/comments?post=7554"}],"version-history":[{"count":1,"href":"https:\/\/www.blogdotarugao.com.br\/v1\/wp-json\/wp\/v2\/posts\/7554\/revisions"}],"predecessor-version":[{"id":7555,"href":"https:\/\/www.blogdotarugao.com.br\/v1\/wp-json\/wp\/v2\/posts\/7554\/revisions\/7555"}],"wp:attachment":[{"href":"https:\/\/www.blogdotarugao.com.br\/v1\/wp-json\/wp\/v2\/media?parent=7554"}],"wp:term":[{"taxonomy":"category","embeddable":true,"href":"https:\/\/www.blogdotarugao.com.br\/v1\/wp-json\/wp\/v2\/categories?post=7554"},{"taxonomy":"post_tag","embeddable":true,"href":"https:\/\/www.blogdotarugao.com.br\/v1\/wp-json\/wp\/v2\/tags?post=7554"}],"curies":[{"name":"wp","href":"https:\/\/api.w.org\/{rel}","templated":true}]}}