{"id":7949,"date":"2014-04-29T01:32:30","date_gmt":"2014-04-29T04:32:30","guid":{"rendered":"http:\/\/www.blogdotarugao.com.br\/v1\/?p=7949"},"modified":"2014-04-29T01:32:30","modified_gmt":"2014-04-29T04:32:30","slug":"joaquim-barbosa-repudia-declaracao-de-lula-sobre-mensalao","status":"publish","type":"post","link":"https:\/\/www.blogdotarugao.com.br\/v1\/2014\/04\/29\/joaquim-barbosa-repudia-declaracao-de-lula-sobre-mensalao\/","title":{"rendered":"Joaquim Barbosa repudia declara\u00e7\u00e3o de Lula sobre mensal\u00e3o"},"content":{"rendered":"<div>\n<div><img title=\"Joaquim Barbosa repudia declara\u00e7\u00e3o de Lula sobre mensal\u00e3o \" alt=\"Joaquim Barbosa repudia declara\u00e7\u00e3o de Lula sobre mensal\u00e3o \" src=\"http:\/\/www.bahianoticias.com.br\/fotos\/principal_noticias\/153786\/xIMAGEM_NOTICIA_5.jpg.pagespeed.ic.FISXQ1Wjwu.jpg\" \/><\/p>\n<div>Foto: Nelson Jr.\/SCO\/STF<\/div>\n<\/div>\n<div><\/div>\n<\/div>\n<div>O presidente do Supremo Tribunal Federal (STF), Joaquim Barbosa, rebateu\u00a0<a href=\"http:\/\/www.bahianoticias.com.br\/estadao\/noticia\/33928-mensalao-foi-80-politico-e-20-juridico-diz-lula-a-tv-portuguesa.html\" target=\"_blank\"><strong>as declara\u00e7\u00f5es do ex-presidente Lula sobre o processo do mensal\u00e3o<\/strong><\/a>, em nota na noite desta segunda-feira (28). Dizer que o julgamento foi 80% pol\u00edtico \u00e9, para o chefe do STF, algo que merece ser alvo de rep\u00fadio. &#8220;A desqualifica\u00e7\u00e3o do Supremo Tribunal Federal, pilar essencial da democracia brasileira, \u00e9 um fato grave que merece o mais veemente rep\u00fadio. Essa iniciativa emite um sinal de desesperan\u00e7a para o cidad\u00e3o comum, j\u00e1 indignado com a corrup\u00e7\u00e3o e a impunidade, e acuado pela viol\u00eancia. Os cidad\u00e3os brasileiros clamam por justi\u00e7a&#8221;, diz. &#8220;O ju\u00edzo de valor emitido pelo ex-Chefe de Estado n\u00e3o encontra qualquer respaldo na realidade e revela pura e simplesmente sua dificuldade em compreender o extraordin\u00e1rio papel reservado a um Judici\u00e1rio independente em uma democracia verdadeiramente digna desse nome&#8221;, completou o presidente do Supremo. Barbosa ainda lembrou que o processo foi conduzido de forma &#8220;absolutamente transparente&#8221;, j\u00e1 que todas as partes envolvidas tiveram acesso aos autos.<\/div>\n","protected":false},"excerpt":{"rendered":"<p>Foto: Nelson Jr.\/SCO\/STF O presidente do Supremo Tribunal Federal (STF), Joaquim Barbosa, rebateu\u00a0as declara\u00e7\u00f5es do ex-presidente Lula sobre o processo do mensal\u00e3o, em nota na noite desta segunda-feira (28). Dizer que o julgamento foi 80% pol\u00edtico \u00e9, para o chefe do STF, algo que merece ser alvo de rep\u00fadio. &#8220;A desqualifica\u00e7\u00e3o do Supremo Tribunal Federal, [&hellip;]<\/p>\n","protected":false},"author":2,"featured_media":0,"comment_status":"open","ping_status":"open","sticky":false,"template":"","format":"standard","meta":{"_links_to":"","_links_to_target":""},"categories":[18,1,7],"tags":[],"_links":{"self":[{"href":"https:\/\/www.blogdotarugao.com.br\/v1\/wp-json\/wp\/v2\/posts\/7949"}],"collection":[{"href":"https:\/\/www.blogdotarugao.com.br\/v1\/wp-json\/wp\/v2\/posts"}],"about":[{"href":"https:\/\/www.blogdotarugao.com.br\/v1\/wp-json\/wp\/v2\/types\/post"}],"author":[{"embeddable":true,"href":"https:\/\/www.blogdotarugao.com.br\/v1\/wp-json\/wp\/v2\/users\/2"}],"replies":[{"embeddable":true,"href":"https:\/\/www.blogdotarugao.com.br\/v1\/wp-json\/wp\/v2\/comments?post=7949"}],"version-history":[{"count":1,"href":"https:\/\/www.blogdotarugao.com.br\/v1\/wp-json\/wp\/v2\/posts\/7949\/revisions"}],"predecessor-version":[{"id":7950,"href":"https:\/\/www.blogdotarugao.com.br\/v1\/wp-json\/wp\/v2\/posts\/7949\/revisions\/7950"}],"wp:attachment":[{"href":"https:\/\/www.blogdotarugao.com.br\/v1\/wp-json\/wp\/v2\/media?parent=7949"}],"wp:term":[{"taxonomy":"category","embeddable":true,"href":"https:\/\/www.blogdotarugao.com.br\/v1\/wp-json\/wp\/v2\/categories?post=7949"},{"taxonomy":"post_tag","embeddable":true,"href":"https:\/\/www.blogdotarugao.com.br\/v1\/wp-json\/wp\/v2\/tags?post=7949"}],"curies":[{"name":"wp","href":"https:\/\/api.w.org\/{rel}","templated":true}]}}