{"id":7994,"date":"2014-04-29T20:07:23","date_gmt":"2014-04-29T23:07:23","guid":{"rendered":"http:\/\/www.blogdotarugao.com.br\/v1\/?p=7994"},"modified":"2014-04-29T20:07:23","modified_gmt":"2014-04-29T23:07:23","slug":"marina-diz-que-lula-e-bala-de-prata-do-pt","status":"publish","type":"post","link":"https:\/\/www.blogdotarugao.com.br\/v1\/2014\/04\/29\/marina-diz-que-lula-e-bala-de-prata-do-pt\/","title":{"rendered":"Marina diz que Lula \u00e9 bala de prata do PT"},"content":{"rendered":"<p><img alt=\"\" src=\"http:\/\/fw.atarde.uol.com.br\/2014\/04\/340x650_eliana-calmon-marina-silva_1409640.jpg\" \/><\/p>\n<p>A prov\u00e1vel candidata a vice-presidente da Rep\u00fablica pelo PSB, Marina Silva, disse, nesta ter\u00e7a-feira, 29, em Salvador, que o ex-presidente Lula \u00e9 uma bala de prata que o PT tem, e que isso \u00e9 inquestion\u00e1vel. A declara\u00e7\u00e3o se deu em resposta a uma pergunta sobre eventual candidatura de Lula \u00e0 Presid\u00eancia, face \u00e0s seguidas quedas na popularidade da presidente Dilma Rousseff, que dever\u00e1 concorrer \u00e0 reelei\u00e7\u00e3o, em outubro.<\/p>\n<p>&#8220;O problema \u00e9 que a bala de prata n\u00e3o pode falhar, quando ela falha, tudo desmorona. O presidente Lula tem que avaliar e o pr\u00f3prio PT tem que ver. Se eles acham que o governo da presidente Dilma est\u00e1 t\u00e3o ruim, se acham que foi um erro t\u00ea-la como candidata, eles far\u00e3o uma substitui\u00e7\u00e3o. Se n\u00e3o tiverem essa avalia\u00e7\u00e3o ir\u00e3o apoi\u00e1-la&#8221;, analisou Marina.<\/p>\n<p>Segundo ela, no PSB n\u00e3o existe a l\u00f3gica de oposi\u00e7\u00e3o por oposi\u00e7\u00e3o. &#8220;Vamos firmar uma posi\u00e7\u00e3o com Lula ou com Dilma. N\u00e3o me preocupo com advers\u00e1rios, prefiro me preocupar com a obriga\u00e7\u00e3o que temos de n\u00e3o nos omitir diante dos erros que v\u00eam sendo praticados&#8221;, disse fazendo refer\u00eancia, entre outros, aos esc\u00e2ndalos envolvendo a Petrobras.<\/p>\n<p>A candidata a vice do PSB afirmou ainda convic\u00e7\u00e3o de que a elei\u00e7\u00e3o presidencial deste ano ser\u00e1 decidida em segundo turno. Ela deu uma espetada na presidente Dilma, que tamb\u00e9m estava na Bahia, nesta ter\u00e7a-feira, ao dizer que o povo brasileiro tem sabedoria e n\u00e3o daria uma vit\u00f3ria em primeiro turno a quem &#8220;contribuiu para a eleva\u00e7\u00e3o da infla\u00e7\u00e3o, das taxas de juros e para o baixo crescimento econ\u00f4mico do Pa\u00eds&#8221;.<\/p>\n<p>Segundo ela, caso as elei\u00e7\u00f5es fossem decididas em primeiro turno, seria uma demonstra\u00e7\u00e3o de que o povo estaria afirmando e reafirmando os erros praticados nesse governo, e o povo \u00e9 s\u00e1bio. Marina refor\u00e7ou que o pa\u00eds atravessa um momento de crise, e voltou a citar a Petrobras. &#8220;Num momento desses n\u00e3o se define uma elei\u00e7\u00e3o em primeiro turno&#8221;, insistiu.<\/p>\n<p>Marina discordou da avalia\u00e7\u00e3o feita pelo presidente Lula de que o julgamento do mensal\u00e3o teve &#8220;80% de decis\u00e3o pol\u00edtica e 20% de decis\u00e3o jur\u00eddica&#8221;. Para ela, a sociedade e o Supremo Tribunal Federal j\u00e1 deram o seu parecer sobre o dolo. &#8220;Agora n\u00e3o cabe fracionar os 100% que o povo e o STF decidiram. O que cabe a partir de ent\u00e3o \u00e9 encontrar mecanismos para que o erro n\u00e3o se repita&#8221;, opinou.<\/p>\n<p>Marina Silva participou, na capital baiana, de uma homenagem \u00e0 ex-ministra do Superior Tribunal de Justi\u00e7a (STJ) Eliana Calmon, que busca uma cadeira no Senado pelo PSB. A homenagem foi provida pelo Comit\u00ea Permanente da Am\u00e9rica Latina para a Preven\u00e7\u00e3o do Crime, da Organiza\u00e7\u00e3o das Na\u00e7\u00f5es Unidas (ONU)<\/p>\n","protected":false},"excerpt":{"rendered":"<p>A prov\u00e1vel candidata a vice-presidente da Rep\u00fablica pelo PSB, Marina Silva, disse, nesta ter\u00e7a-feira, 29, em Salvador, que o ex-presidente Lula \u00e9 uma bala de prata que o PT tem, e que isso \u00e9 inquestion\u00e1vel. A declara\u00e7\u00e3o se deu em resposta a uma pergunta sobre eventual candidatura de Lula \u00e0 Presid\u00eancia, face \u00e0s seguidas quedas [&hellip;]<\/p>\n","protected":false},"author":2,"featured_media":0,"comment_status":"open","ping_status":"open","sticky":false,"template":"","format":"standard","meta":{"_links_to":"","_links_to_target":""},"categories":[5,7],"tags":[],"_links":{"self":[{"href":"https:\/\/www.blogdotarugao.com.br\/v1\/wp-json\/wp\/v2\/posts\/7994"}],"collection":[{"href":"https:\/\/www.blogdotarugao.com.br\/v1\/wp-json\/wp\/v2\/posts"}],"about":[{"href":"https:\/\/www.blogdotarugao.com.br\/v1\/wp-json\/wp\/v2\/types\/post"}],"author":[{"embeddable":true,"href":"https:\/\/www.blogdotarugao.com.br\/v1\/wp-json\/wp\/v2\/users\/2"}],"replies":[{"embeddable":true,"href":"https:\/\/www.blogdotarugao.com.br\/v1\/wp-json\/wp\/v2\/comments?post=7994"}],"version-history":[{"count":1,"href":"https:\/\/www.blogdotarugao.com.br\/v1\/wp-json\/wp\/v2\/posts\/7994\/revisions"}],"predecessor-version":[{"id":7995,"href":"https:\/\/www.blogdotarugao.com.br\/v1\/wp-json\/wp\/v2\/posts\/7994\/revisions\/7995"}],"wp:attachment":[{"href":"https:\/\/www.blogdotarugao.com.br\/v1\/wp-json\/wp\/v2\/media?parent=7994"}],"wp:term":[{"taxonomy":"category","embeddable":true,"href":"https:\/\/www.blogdotarugao.com.br\/v1\/wp-json\/wp\/v2\/categories?post=7994"},{"taxonomy":"post_tag","embeddable":true,"href":"https:\/\/www.blogdotarugao.com.br\/v1\/wp-json\/wp\/v2\/tags?post=7994"}],"curies":[{"name":"wp","href":"https:\/\/api.w.org\/{rel}","templated":true}]}}