{"id":8005,"date":"2014-04-29T22:55:48","date_gmt":"2014-04-30T01:55:48","guid":{"rendered":"http:\/\/www.blogdotarugao.com.br\/v1\/?p=8005"},"modified":"2014-04-29T22:55:48","modified_gmt":"2014-04-30T01:55:48","slug":"queda-de-dilma-preocupa-oposicao-festeja","status":"publish","type":"post","link":"https:\/\/www.blogdotarugao.com.br\/v1\/2014\/04\/29\/queda-de-dilma-preocupa-oposicao-festeja\/","title":{"rendered":"Queda de Dilma preocupa; oposi\u00e7\u00e3o festeja"},"content":{"rendered":"<div>\n<div><img title=\"Queda de Dilma preocupa; oposi\u00e7\u00e3o festeja\" alt=\"Queda de Dilma preocupa; oposi\u00e7\u00e3o festeja\" src=\"http:\/\/www.bahianoticias.com.br\/fotos\/principal_samuels\/3532\/xIMAGEM_SAMUEL_5.jpg.pagespeed.ic.04RaQm1XdV.jpg\" \/><\/div>\n<div><\/div>\n<\/div>\n<div><strong>Mais cedo do que se esperava \u2013 se \u00e9 que de fato se esperava \u2013 a sucess\u00e3o presidencial d\u00e1 sinais de queda vertiginosa da presidente Dilma Rousseff, conseq\u00fc\u00eancia dos seus problemas com a base aliada, como o PR, por exemplo &#8211; que ontem lan\u00e7ou um manifesto para o retorno de Lula &#8211; da economia que claudica e dos esc\u00e2ndalos recentes, especialmente da Petrobr\u00e1s. De mar\u00e7o para c\u00e1 a presidente tem perdido pontos nas pesquisas de opini\u00e3o (todas) que se aceleraram nos \u00faltimos 20 dias. Perde na pesquisa sobre a elei\u00e7\u00e3o e na forma como governa o Pa\u00eds. De outro modo, a oposi\u00e7\u00e3o come\u00e7a a apresentar sinais de crescimento sustentado, mesmo que os candidatos, A\u00e9cio Neves e Eduardo Campos, n\u00e3o sejam do pleno conhecimento de boa parte da popula\u00e7\u00e3o do Pa\u00eds. A pesquisa hoje divulgada, da CNT (Confedera\u00e7\u00e3o Nacional dos Transportes), \u00e9 mais um fator revelador da queda (ver abaixo). Ainda ontem, ao falar para empres\u00e1rios na Associa\u00e7\u00e3o Comercial de S\u00e3o Paulo, A\u00e9cio Neves chegou a dizer, em seu discurso, que o segundo turno n\u00e3o ter\u00e1 Dilma, porque ser\u00e1 disputado entre ele e Eduardo Campos. \u00c9 uma afirma\u00e7\u00e3o temer\u00e1ria, sem d\u00favida. Mas o fato \u00e9 que a presidente realmente cambaleia e est\u00e1 enfrentando uma crise, com a divis\u00e3o da sua base de apoio pol\u00edtico e at\u00e9 dentro do PT, onde h\u00e1 uma larga fatia que prefere Lula na disputa. Dilma n\u00e3o conseguiu, at\u00e9 aqui, se afirmar como pol\u00edtica, e enfrenta obst\u00e1culos como gestora, especialmente na \u00e1rea empresarial. De tal sorte que, como hoje voltou a acontecer, quando ela cai nas pesquisas a Bovespa sobe. Nunca aconteceu fato similar na pol\u00edtica brasileira. N\u00e3o que eu me lembre. Na pesquisa do CNT, a presidente caiu nada menos de 6,7 pontos, descendo de 43,7% para 37%. \u00c9 uma queda forte. Enquanto isso os seus advers\u00e1rios cresceram. A\u00e9cio Neves pulou de 17% para 21,6%, ou seja, 4,6%, enquanto Eduardo Campos subiu dois pontos e foi para 11,8%. Atingiu a marca dos dois d\u00edgitos. Por enquanto, Dilma ainda ganharia no primeiro turno, mas est\u00e1 ficando apertado. Ou ela e seus marqueteiros inventam uma sa\u00edda para voltar a crescer ou a previs\u00e3o de A\u00e9cio poder\u00e1 vir a se confirmar, embora seja muito cedo para admitir-se uma disputa em segundo turno com Dilma fora do p\u00e1reo. O pior que a situa\u00e7\u00e3o para ela \u00e9 de crise, e j\u00e1 se assiste a debandadas de \u00a0correligion\u00e1rios. Enfim, enfim a situa\u00e7\u00e3o para o Pal\u00e1cio do Planalto n\u00e3o \u00e9 nada confort\u00e1vel. Para o PT, de igual modo.<\/strong><\/div>\n","protected":false},"excerpt":{"rendered":"<p>Mais cedo do que se esperava \u2013 se \u00e9 que de fato se esperava \u2013 a sucess\u00e3o presidencial d\u00e1 sinais de queda vertiginosa da presidente Dilma Rousseff, conseq\u00fc\u00eancia dos seus problemas com a base aliada, como o PR, por exemplo &#8211; que ontem lan\u00e7ou um manifesto para o retorno de Lula &#8211; da economia que [&hellip;]<\/p>\n","protected":false},"author":2,"featured_media":0,"comment_status":"open","ping_status":"open","sticky":false,"template":"","format":"standard","meta":{"_links_to":"","_links_to_target":""},"categories":[7],"tags":[],"_links":{"self":[{"href":"https:\/\/www.blogdotarugao.com.br\/v1\/wp-json\/wp\/v2\/posts\/8005"}],"collection":[{"href":"https:\/\/www.blogdotarugao.com.br\/v1\/wp-json\/wp\/v2\/posts"}],"about":[{"href":"https:\/\/www.blogdotarugao.com.br\/v1\/wp-json\/wp\/v2\/types\/post"}],"author":[{"embeddable":true,"href":"https:\/\/www.blogdotarugao.com.br\/v1\/wp-json\/wp\/v2\/users\/2"}],"replies":[{"embeddable":true,"href":"https:\/\/www.blogdotarugao.com.br\/v1\/wp-json\/wp\/v2\/comments?post=8005"}],"version-history":[{"count":1,"href":"https:\/\/www.blogdotarugao.com.br\/v1\/wp-json\/wp\/v2\/posts\/8005\/revisions"}],"predecessor-version":[{"id":8006,"href":"https:\/\/www.blogdotarugao.com.br\/v1\/wp-json\/wp\/v2\/posts\/8005\/revisions\/8006"}],"wp:attachment":[{"href":"https:\/\/www.blogdotarugao.com.br\/v1\/wp-json\/wp\/v2\/media?parent=8005"}],"wp:term":[{"taxonomy":"category","embeddable":true,"href":"https:\/\/www.blogdotarugao.com.br\/v1\/wp-json\/wp\/v2\/categories?post=8005"},{"taxonomy":"post_tag","embeddable":true,"href":"https:\/\/www.blogdotarugao.com.br\/v1\/wp-json\/wp\/v2\/tags?post=8005"}],"curies":[{"name":"wp","href":"https:\/\/api.w.org\/{rel}","templated":true}]}}