{"id":8033,"date":"2014-04-30T13:35:59","date_gmt":"2014-04-30T16:35:59","guid":{"rendered":"http:\/\/www.blogdotarugao.com.br\/v1\/?p=8033"},"modified":"2014-04-30T13:35:59","modified_gmt":"2014-04-30T16:35:59","slug":"nao-vou-me-importar-com-campanha-volta-lula-diz-dilma","status":"publish","type":"post","link":"https:\/\/www.blogdotarugao.com.br\/v1\/2014\/04\/30\/nao-vou-me-importar-com-campanha-volta-lula-diz-dilma\/","title":{"rendered":"N\u00e3o vou me importar com campanha &#8216;Volta, Lula&#8217;, diz Dilma"},"content":{"rendered":"<div>\n<ul>\n<li><img loading=\"lazy\" title=\"Roberto Stuckert Filho\/PR\" alt=\"Dilma Rousseff participou do lan\u00e7amento de tr\u00eas condom\u00ednios do &quot;Minha Casa, Minha Vida&quot;, na Bahia\" src=\"http:\/\/imguol.com\/c\/noticias\/2014\/04\/30\/30abr2014---a-presidente-dilma-rousseff-participou-do-lancamento-de-tres-condominios-do-minha-casa-minha-vida-em-camacari-na-bahia-ao-lado-do-governador-do-estado-jaques-wagner-foi-o-ultimo-1398869628714_300x300.jpg\" width=\"300\" height=\"300\" \/>Dilma Rousseff participou do lan\u00e7amento de tr\u00eas condom\u00ednios do &#8220;Minha Casa, Minha Vida&#8221;, na Bahia<\/li>\n<\/ul>\n<\/div>\n<p>A presidente Dilma Rousseff minimizou a pol\u00eamica criada em torno do movimento &#8216;Volta, Lula&#8217; durante entrevista concedida a emissoras de r\u00e1dio na Bahia na manh\u00e3 desta quarta-feira (30).<\/p>\n<p>&#8220;N\u00e3o vou me importar com isso&#8221;, afirmou a presidente ao ser questionada sobre o fato de um partido da sua base aliada, o PR, ter lan\u00e7ado um manifesto pela candidatura do ex-presidente Luiz In\u00e1cio Lula da Silva. &#8220;Daqui para o fim do ano, tenho uma atividade important\u00edssima para fazer e n\u00e3o posso me desligar nenhum minuto dela. \u00c9 governar esse pa\u00eds&#8221;, completou.<\/p>\n<p>Dilma disse que em ano eleitoral &#8220;\u00e9 poss\u00edvel que ocorra todas as hip\u00f3teses; essa \u00e9 uma situa\u00e7\u00e3o normal&#8221;.<\/p>\n<p>A presidente falou ainda que ser\u00e1 candidata com ou sem o apoio da base aliada. &#8220;Gostaria muito que, quando eu for candidata, eu tivesse o apoio da minha base. N\u00e3o havendo esse apoio, a gente vai tocar em frente&#8221;, disse. &#8220;Por tr\u00e1s de todas as coisas existem outras explica\u00e7\u00f5es&#8221;, divagou.<\/p>\n","protected":false},"excerpt":{"rendered":"<p>Dilma Rousseff participou do lan\u00e7amento de tr\u00eas condom\u00ednios do &#8220;Minha Casa, Minha Vida&#8221;, na Bahia A presidente Dilma Rousseff minimizou a pol\u00eamica criada em torno do movimento &#8216;Volta, Lula&#8217; durante entrevista concedida a emissoras de r\u00e1dio na Bahia na manh\u00e3 desta quarta-feira (30). &#8220;N\u00e3o vou me importar com isso&#8221;, afirmou a presidente ao ser questionada [&hellip;]<\/p>\n","protected":false},"author":2,"featured_media":0,"comment_status":"open","ping_status":"open","sticky":false,"template":"","format":"standard","meta":{"_links_to":"","_links_to_target":""},"categories":[7],"tags":[],"_links":{"self":[{"href":"https:\/\/www.blogdotarugao.com.br\/v1\/wp-json\/wp\/v2\/posts\/8033"}],"collection":[{"href":"https:\/\/www.blogdotarugao.com.br\/v1\/wp-json\/wp\/v2\/posts"}],"about":[{"href":"https:\/\/www.blogdotarugao.com.br\/v1\/wp-json\/wp\/v2\/types\/post"}],"author":[{"embeddable":true,"href":"https:\/\/www.blogdotarugao.com.br\/v1\/wp-json\/wp\/v2\/users\/2"}],"replies":[{"embeddable":true,"href":"https:\/\/www.blogdotarugao.com.br\/v1\/wp-json\/wp\/v2\/comments?post=8033"}],"version-history":[{"count":1,"href":"https:\/\/www.blogdotarugao.com.br\/v1\/wp-json\/wp\/v2\/posts\/8033\/revisions"}],"predecessor-version":[{"id":8034,"href":"https:\/\/www.blogdotarugao.com.br\/v1\/wp-json\/wp\/v2\/posts\/8033\/revisions\/8034"}],"wp:attachment":[{"href":"https:\/\/www.blogdotarugao.com.br\/v1\/wp-json\/wp\/v2\/media?parent=8033"}],"wp:term":[{"taxonomy":"category","embeddable":true,"href":"https:\/\/www.blogdotarugao.com.br\/v1\/wp-json\/wp\/v2\/categories?post=8033"},{"taxonomy":"post_tag","embeddable":true,"href":"https:\/\/www.blogdotarugao.com.br\/v1\/wp-json\/wp\/v2\/tags?post=8033"}],"curies":[{"name":"wp","href":"https:\/\/api.w.org\/{rel}","templated":true}]}}