{"id":8119,"date":"2014-05-01T21:00:38","date_gmt":"2014-05-02T00:00:38","guid":{"rendered":"http:\/\/www.blogdotarugao.com.br\/v1\/?p=8119"},"modified":"2014-05-01T21:00:38","modified_gmt":"2014-05-02T00:00:38","slug":"dirceu-cogitou-fazer-greve-de-fome-na-prisao","status":"publish","type":"post","link":"https:\/\/www.blogdotarugao.com.br\/v1\/2014\/05\/01\/dirceu-cogitou-fazer-greve-de-fome-na-prisao\/","title":{"rendered":"Dirceu cogitou fazer greve de fome na pris\u00e3o"},"content":{"rendered":"<div>\n<div><img title=\"Dirceu cogitou fazer greve de fome na pris\u00e3o\" alt=\"Dirceu cogitou fazer greve de fome na pris\u00e3o\" src=\"http:\/\/www.bahianoticias.com.br\/fotos\/principal_noticias\/153908\/xIMAGEM_NOTICIA_5.jpg.pagespeed.ic.4E0TToH4pU.jpg\" \/><\/p>\n<div>Foto: Reprodu\u00e7\u00e3o<\/div>\n<\/div>\n<div><\/div>\n<\/div>\n<div>O ex-ministro Jos\u00e9 Dirceu, condenado no julgamento do mensal\u00e3o, e apoiadores do lado de fora do Complexo Penitenci\u00e1rio da Papuda cogitam uma s\u00e9rie de a\u00e7\u00f5es caso o presidente do STF (Supremo Tribunal Federal), Joaquim Barbosa, decida n\u00e3o autoriz\u00e1-lo a trabalhar. Segundo a Folha de S. Paulo, Dirceu chegou a pensar em fazer greve de fome \u2013 apesar do ex-ministro ter descartado essa possibilidade por meio de intermedi\u00e1rio. O jornal afirma, ainda, que o assunto seria mantido em sigilo por duas raz\u00f5es: n\u00e3o era uma decis\u00e3o tomada e, se divulgada, poderia fazer com que Barbosa adiasse a decis\u00e3o, ou simplesmente negasse o pedido. Caso a autoriza\u00e7\u00e3o n\u00e3o saia, haveria outra alternativa em estudo: uma campanha internacional, com mobiliza\u00e7\u00e3o de simpatizantes pelo Brasil, inclusive nas redes sociais, e representa\u00e7\u00f5es em organismos internacionais para argumentar que o petista tem sido mantido injustamente em regime fechado. Conselheiros do ex-ministro teriam argumentado ainda que, aos 68 anos e com problemas de press\u00e3o, n\u00e3o seria recomend\u00e1vel que ele fizesse greve de fome. Conforme integrantes do governo, a mais &#8220;perigosa&#8221; dentre as rea\u00e7\u00f5es considerada seria dirigida a Luiz In\u00e1cio Lula da Silva. Nos bastidores, muitos ap\u00f3iam a\u00e7\u00f5es para expor o ex-presidente e pression\u00e1-lo a defender o correligion\u00e1rio. S\u00f3 n\u00e3o agiram ainda de forma organizada at\u00e9 agora porque n\u00e3o tiveram o aval do mensaleiro. Todos os condenados no julgamento com direito a regime semiaberto j\u00e1 obtiveram autoriza\u00e7\u00e3o para trabalhar fora da pris\u00e3o, menos Dirceu.<\/div>\n","protected":false},"excerpt":{"rendered":"<p>Foto: Reprodu\u00e7\u00e3o O ex-ministro Jos\u00e9 Dirceu, condenado no julgamento do mensal\u00e3o, e apoiadores do lado de fora do Complexo Penitenci\u00e1rio da Papuda cogitam uma s\u00e9rie de a\u00e7\u00f5es caso o presidente do STF (Supremo Tribunal Federal), Joaquim Barbosa, decida n\u00e3o autoriz\u00e1-lo a trabalhar. Segundo a Folha de S. Paulo, Dirceu chegou a pensar em fazer greve [&hellip;]<\/p>\n","protected":false},"author":2,"featured_media":0,"comment_status":"open","ping_status":"open","sticky":false,"template":"","format":"standard","meta":{"_links_to":"","_links_to_target":""},"categories":[7],"tags":[],"_links":{"self":[{"href":"https:\/\/www.blogdotarugao.com.br\/v1\/wp-json\/wp\/v2\/posts\/8119"}],"collection":[{"href":"https:\/\/www.blogdotarugao.com.br\/v1\/wp-json\/wp\/v2\/posts"}],"about":[{"href":"https:\/\/www.blogdotarugao.com.br\/v1\/wp-json\/wp\/v2\/types\/post"}],"author":[{"embeddable":true,"href":"https:\/\/www.blogdotarugao.com.br\/v1\/wp-json\/wp\/v2\/users\/2"}],"replies":[{"embeddable":true,"href":"https:\/\/www.blogdotarugao.com.br\/v1\/wp-json\/wp\/v2\/comments?post=8119"}],"version-history":[{"count":1,"href":"https:\/\/www.blogdotarugao.com.br\/v1\/wp-json\/wp\/v2\/posts\/8119\/revisions"}],"predecessor-version":[{"id":8120,"href":"https:\/\/www.blogdotarugao.com.br\/v1\/wp-json\/wp\/v2\/posts\/8119\/revisions\/8120"}],"wp:attachment":[{"href":"https:\/\/www.blogdotarugao.com.br\/v1\/wp-json\/wp\/v2\/media?parent=8119"}],"wp:term":[{"taxonomy":"category","embeddable":true,"href":"https:\/\/www.blogdotarugao.com.br\/v1\/wp-json\/wp\/v2\/categories?post=8119"},{"taxonomy":"post_tag","embeddable":true,"href":"https:\/\/www.blogdotarugao.com.br\/v1\/wp-json\/wp\/v2\/tags?post=8119"}],"curies":[{"name":"wp","href":"https:\/\/api.w.org\/{rel}","templated":true}]}}