{"id":81410,"date":"2017-05-26T18:31:08","date_gmt":"2017-05-26T21:31:08","guid":{"rendered":"http:\/\/www.blogdotarugao.com.br\/v1\/?p=81410"},"modified":"2017-05-26T18:31:08","modified_gmt":"2017-05-26T21:31:08","slug":"saude-saiba-como-a-enxaqueca-pode-prejudicar-a-audicao","status":"publish","type":"post","link":"https:\/\/www.blogdotarugao.com.br\/v1\/2017\/05\/26\/saude-saiba-como-a-enxaqueca-pode-prejudicar-a-audicao\/","title":{"rendered":"Sa\u00fade: Saiba como a enxaqueca pode prejudicar a audi\u00e7\u00e3o"},"content":{"rendered":"<h3 style=\"text-align: justify;\">A enxaqueca \u00e9 uma doen\u00e7a que pode gerar muitos problemas, por\u00e9m um dos males que as pessoas n\u00e3o t\u00eam muito conhecimento \u00e9 a perda moment\u00e2nea de audi\u00e7\u00e3o.<\/h3>\n<h3 style=\"text-align: justify;\"><img loading=\"lazy\" class=\"aligncenter\" src=\"http:\/\/varelanoticias.com.br\/wp-content\/uploads\/2017\/05\/enxaqueca.jpg\" alt=\"\" width=\"551\" height=\"314\" \/><\/h3>\n<h3 style=\"text-align: justify;\">De acordo\u00a0a fonoaudi\u00f3loga Dra. Tamires Sousa Reis que explicou a situa\u00e7\u00e3o. \u201cTudo come\u00e7ou com uma pesquisa feita pela Unifesp (Universidade Federal de S\u00e3o Paulo) onde eles perceberam que, durante os atendimentos, que as pessoas que tinham enxaqueca acabam por ter a audi\u00e7\u00e3o prejudicada. Ou seja, existe a capta\u00e7\u00e3o, por\u00e9m o processo de interpreta\u00e7\u00e3o daquilo que se est\u00e1 ouvindo \u00e9 muito prejudicado, por\u00e9m esse problema s\u00f3 acontece no momento em que a doen\u00e7a est\u00e1 se manifestando na pessoa com alguma intensidade\u201d, explicou a fonoaudi\u00f3loga. <strong>\/\/Varela Not\u00edcias.<\/strong><!--more--><\/h3>\n<h3 style=\"text-align: justify;\">Dra. Tamires Sousa ainda falou \u00a0que para resolver o problema da perda de audi\u00e7\u00e3o, deve-se resolver a quest\u00e3o da enxaqueca, que \u00e9 a raiz da quest\u00e3o. \u201cPra resolver o problema dessa perda de audi\u00e7\u00e3o, o tratamento deve ser voltado para a enxaqueca, que \u00e9 a raiz do problema, ou seja, resolvendo a enxaqueca, realizando o devido tratamento, a audi\u00e7\u00e3o da pessoa volta ao normal\u201d, disse a m\u00e9dica.<\/h3>\n<h3 style=\"text-align: justify;\">Por fim a m\u00e9dica ainda falou sobre um poss\u00edvel dano permanente na audi\u00e7\u00e3o durante este per\u00edodo de enxaqueca. \u201cAt\u00e9 \u00a0o momento esta quest\u00e3o ainda est\u00e1 sendo estudada, ou seja, n\u00e3o podemos afirmar que a enxaqueca possa causar algum dano permanente no aparelho auditivo da pessoa, por\u00e9m se o paciente tiver sentindo qualquer problema em rela\u00e7\u00e3o \u00e0 sua audi\u00e7\u00e3o, a recomenda\u00e7\u00e3o \u00e9 sempre que procure um m\u00e9dico, para que os exames indicados sejam realizados\u201d, concluiu a especialista.<\/h3>\n","protected":false},"excerpt":{"rendered":"<p>A enxaqueca \u00e9 uma doen\u00e7a que pode gerar muitos problemas, por\u00e9m um dos males que as pessoas n\u00e3o t\u00eam muito conhecimento \u00e9 a perda moment\u00e2nea de audi\u00e7\u00e3o. De acordo\u00a0a fonoaudi\u00f3loga Dra. Tamires Sousa Reis que explicou a situa\u00e7\u00e3o. \u201cTudo come\u00e7ou com uma pesquisa feita pela Unifesp (Universidade Federal de S\u00e3o Paulo) onde eles perceberam que, [&hellip;]<\/p>\n","protected":false},"author":2,"featured_media":0,"comment_status":"open","ping_status":"open","sticky":false,"template":"","format":"standard","meta":{"_links_to":"","_links_to_target":""},"categories":[1],"tags":[],"_links":{"self":[{"href":"https:\/\/www.blogdotarugao.com.br\/v1\/wp-json\/wp\/v2\/posts\/81410"}],"collection":[{"href":"https:\/\/www.blogdotarugao.com.br\/v1\/wp-json\/wp\/v2\/posts"}],"about":[{"href":"https:\/\/www.blogdotarugao.com.br\/v1\/wp-json\/wp\/v2\/types\/post"}],"author":[{"embeddable":true,"href":"https:\/\/www.blogdotarugao.com.br\/v1\/wp-json\/wp\/v2\/users\/2"}],"replies":[{"embeddable":true,"href":"https:\/\/www.blogdotarugao.com.br\/v1\/wp-json\/wp\/v2\/comments?post=81410"}],"version-history":[{"count":1,"href":"https:\/\/www.blogdotarugao.com.br\/v1\/wp-json\/wp\/v2\/posts\/81410\/revisions"}],"predecessor-version":[{"id":81411,"href":"https:\/\/www.blogdotarugao.com.br\/v1\/wp-json\/wp\/v2\/posts\/81410\/revisions\/81411"}],"wp:attachment":[{"href":"https:\/\/www.blogdotarugao.com.br\/v1\/wp-json\/wp\/v2\/media?parent=81410"}],"wp:term":[{"taxonomy":"category","embeddable":true,"href":"https:\/\/www.blogdotarugao.com.br\/v1\/wp-json\/wp\/v2\/categories?post=81410"},{"taxonomy":"post_tag","embeddable":true,"href":"https:\/\/www.blogdotarugao.com.br\/v1\/wp-json\/wp\/v2\/tags?post=81410"}],"curies":[{"name":"wp","href":"https:\/\/api.w.org\/{rel}","templated":true}]}}