{"id":81617,"date":"2017-05-31T08:24:20","date_gmt":"2017-05-31T11:24:20","guid":{"rendered":"http:\/\/www.blogdotarugao.com.br\/v1\/?p=81617"},"modified":"2017-05-31T08:24:20","modified_gmt":"2017-05-31T11:24:20","slug":"palocci-pede-prisao-domiciliar-para-delatar-dono-do-btg-pactual-empresas-e-lula","status":"publish","type":"post","link":"https:\/\/www.blogdotarugao.com.br\/v1\/2017\/05\/31\/palocci-pede-prisao-domiciliar-para-delatar-dono-do-btg-pactual-empresas-e-lula\/","title":{"rendered":"Palocci pede pris\u00e3o domiciliar para delatar dono do BTG Pactual, empresas e Lula"},"content":{"rendered":"<h3 style=\"text-align: justify;\"><img loading=\"lazy\" class=\"  wp-image-69454 alignleft\" src=\"http:\/\/www.blogdotarugao.com.br\/v1\/wp-content\/uploads\/2016\/10\/palocci-e-lula.jpg\" alt=\"palocci-e-lula\" width=\"584\" height=\"389\" srcset=\"https:\/\/www.blogdotarugao.com.br\/v1\/wp-content\/uploads\/2016\/10\/palocci-e-lula.jpg 525w, https:\/\/www.blogdotarugao.com.br\/v1\/wp-content\/uploads\/2016\/10\/palocci-e-lula-300x200.jpg 300w\" sizes=\"(max-width: 584px) 100vw, 584px\" \/>O ex-ministro da Fazenda Antonio Palocci tenta negociar, em acordo de dela\u00e7\u00e3o premiada, que sua pena seja cumprida em um ano de pris\u00e3o domiciliar e que seus depoimentos sejam focados em banqueiros e empres\u00e1rios, al\u00e9m do ex-presidente Lula.<\/h3>\n<h3 style=\"text-align: justify;\">Preso desde setembro de 2016, o petista tem se dedicado, no \u00faltimo m\u00eas, \u00e0 elabora\u00e7\u00e3o de sua proposta de acordo com a Procuradoria-Geral da Rep\u00fablica e a for\u00e7a tarefa da Lava Jato em Curitiba.<\/h3>\n<h3 style=\"text-align: justify;\">Para ter sua dela\u00e7\u00e3o aceita pelos investigadores, Palocci decidiu revelar os detalhes de opera\u00e7\u00f5es supostamente irregulares cometidas pelo ex-presidente e um dos donos do BTG Pactual, Andr\u00e9 Esteves, e o ex-dono do P\u00e3o de A\u00e7\u00facar Ab\u00edlio Diniz.<\/h3>\n<h3 style=\"text-align: justify;\">No caso de Esteves, o ex-ministro promete explicar supostas vendas de medidas provis\u00f3rias no Congresso para bancos privados, nos quais, segundo Palocci, o banqueiro esteve envolvido.<\/h3>\n<h3 style=\"text-align: justify;\">Sobre Ab\u00edlio, o petista diz, segundo a reportagem apurou, que pode detalhar suposta manobra para tentar mant\u00ea-lo no controle do Grupo P\u00e3o de A\u00e7\u00facar, em meio \u00e0 disputa com a francesa Casino. O imbr\u00f3glio, que durou dois anos, n\u00e3o deu certo e culminou na sa\u00edda de Ab\u00edlio do conselho do grupo, em 2013.<\/h3>\n<p><!--more--><\/p>\n<h3 style=\"text-align: justify;\">Como a Casino contava com o apoio informal de Fernando Pimentel (PT), \u00e0 \u00e9poca ministro do Desenvolvimento de Dilma, Ab\u00edlio contratou Palocci para garantir influ\u00eancia a seu favor. A informa\u00e7\u00e3o foi confirmada \u00e0 reportagem por integrantes das tratativas do acordo.<\/h3>\n<h3 style=\"text-align: justify;\">O Grupo P\u00e3o de A\u00e7\u00facar fez pagamentos \u00e0 Projeto, empresa de Palocci, por meio do escrit\u00f3rio do advogado e ex-ministro da Justi\u00e7a M\u00e1rcio Thomaz Bastos, morto em 2014. Notas divulgadas em 2015 pelas partes confirmam as transa\u00e7\u00f5es. Relat\u00f3rio do Coaf, com dados de 2008 a 2011, mostra que Bastos foi o segundo maior cliente da consultoria de Palocci, com repasses de R$ 5,5 milh\u00f5es.<\/h3>\n<h3 style=\"text-align: justify;\">Em 2015, a Projeto divulgou nota na qual afirma que os pagamentos tiveram como origem o grupo P\u00e3o de A\u00e7\u00facar, que contratou o ex-ministro para que ajudasse na fus\u00e3o com as Casas Bahia.<\/h3>\n<h3 style=\"text-align: justify;\">Al\u00e9m de citar integrantes do setor privado, o que poderia abrir novo flanco de investiga\u00e7\u00e3o, Palocci diz que explicar\u00e1 esquema de corrup\u00e7\u00e3o no Carf (Conselho Administrativo de Recursos Fiscais), o que poderia unir as opera\u00e7\u00f5es Zelotes e Lava Jato.<\/h3>\n<h3 style=\"text-align: justify;\">Para dar in\u00edcio \u00e0s conversas sobre a dela\u00e7\u00e3o, procuradores exigiram que o petista confirmasse informa\u00e7\u00f5es sobre o ex-presidente Lula dadas por ex-executivos da Odebrecht, principalmente no diz respeito \u00e0 conta &#8220;Amigo&#8221;. Ele sinalizou positivamente.<\/h3>\n<h3 style=\"text-align: justify;\"><\/h3>\n<h3 style=\"text-align: justify;\">Segundo o ex-presidente da empreiteira Marcelo Odebrecht, Palocci operava uma conta-propina, destinada \u00e0s demandas pol\u00edticas de Lula.<\/h3>\n<h3 style=\"text-align: justify;\"><\/h3>\n<h3 style=\"text-align: justify;\">Outro epis\u00f3dio que envolve o ex-presidente e que Palocci pretende esclarecer \u00e9 o suposto benef\u00edcio financeiro obtido por Lula na cria\u00e7\u00e3o da empresa Sete Brasil, em 2010.<\/h3>\n<h3 style=\"text-align: justify;\">At\u00e9 o momento, Palocci se reuniu apenas uma vez com os procuradores. Na conversa, mostrou-se reticente a entregar pol\u00edticos com foro privilegiado. No entanto, a atitude foi revista depois que investigadores disseram que, sem isso, n\u00e3o haveria acordo.<\/h3>\n<h3 style=\"text-align: justify;\">Depois que foi preso, Palocci colocou um prazo de seis meses para sua defesa antes de come\u00e7ar a negociar uma dela\u00e7\u00e3o. Como at\u00e9 abril n\u00e3o houve nenhuma decis\u00e3o de tribunais superiores a favor de sua soltura, deu in\u00edcio \u00e0s tratativas, comandadas hoje pelos advogados Adriano Bretas e Treacy Reinaldt.<\/h3>\n<h3 style=\"text-align: justify;\">OUTRO LADO<\/h3>\n<h3 style=\"text-align: justify;\">A defesa de Lula afirmou que a Lava Jato &#8220;n\u00e3o conseguiu apresentar qualquer prova sobre suas acusa\u00e7\u00f5es contra o ex-presidente&#8221;.<\/h3>\n<h3 style=\"text-align: justify;\">A assessoria de Ab\u00edlio disse que o contrato entre a empresa de Palocci e o escrit\u00f3rio de Bastos foi alvo de investiga\u00e7\u00e3o e n\u00e3o apresentou irregularidades. Diz ainda que, no per\u00edodo de vig\u00eancia do contrato, Ab\u00edlio n\u00e3o tinha fun\u00e7\u00e3o executiva na empresa. A assessoria do BTG Pactual n\u00e3o comentou.<\/h3>\n","protected":false},"excerpt":{"rendered":"<p>O ex-ministro da Fazenda Antonio Palocci tenta negociar, em acordo de dela\u00e7\u00e3o premiada, que sua pena seja cumprida em um ano de pris\u00e3o domiciliar e que seus depoimentos sejam focados em banqueiros e empres\u00e1rios, al\u00e9m do ex-presidente Lula. Preso desde setembro de 2016, o petista tem se dedicado, no \u00faltimo m\u00eas, \u00e0 elabora\u00e7\u00e3o de sua [&hellip;]<\/p>\n","protected":false},"author":2,"featured_media":0,"comment_status":"open","ping_status":"open","sticky":false,"template":"","format":"standard","meta":{"_links_to":"","_links_to_target":""},"categories":[1],"tags":[],"_links":{"self":[{"href":"https:\/\/www.blogdotarugao.com.br\/v1\/wp-json\/wp\/v2\/posts\/81617"}],"collection":[{"href":"https:\/\/www.blogdotarugao.com.br\/v1\/wp-json\/wp\/v2\/posts"}],"about":[{"href":"https:\/\/www.blogdotarugao.com.br\/v1\/wp-json\/wp\/v2\/types\/post"}],"author":[{"embeddable":true,"href":"https:\/\/www.blogdotarugao.com.br\/v1\/wp-json\/wp\/v2\/users\/2"}],"replies":[{"embeddable":true,"href":"https:\/\/www.blogdotarugao.com.br\/v1\/wp-json\/wp\/v2\/comments?post=81617"}],"version-history":[{"count":1,"href":"https:\/\/www.blogdotarugao.com.br\/v1\/wp-json\/wp\/v2\/posts\/81617\/revisions"}],"predecessor-version":[{"id":81618,"href":"https:\/\/www.blogdotarugao.com.br\/v1\/wp-json\/wp\/v2\/posts\/81617\/revisions\/81618"}],"wp:attachment":[{"href":"https:\/\/www.blogdotarugao.com.br\/v1\/wp-json\/wp\/v2\/media?parent=81617"}],"wp:term":[{"taxonomy":"category","embeddable":true,"href":"https:\/\/www.blogdotarugao.com.br\/v1\/wp-json\/wp\/v2\/categories?post=81617"},{"taxonomy":"post_tag","embeddable":true,"href":"https:\/\/www.blogdotarugao.com.br\/v1\/wp-json\/wp\/v2\/tags?post=81617"}],"curies":[{"name":"wp","href":"https:\/\/api.w.org\/{rel}","templated":true}]}}