{"id":81646,"date":"2017-05-31T18:01:48","date_gmt":"2017-05-31T21:01:48","guid":{"rendered":"http:\/\/www.blogdotarugao.com.br\/v1\/?p=81646"},"modified":"2017-05-31T18:01:48","modified_gmt":"2017-05-31T21:01:48","slug":"preocupante-pais-tem-um-milhao-a-mais-de-desempregados-em-tres-meses","status":"publish","type":"post","link":"https:\/\/www.blogdotarugao.com.br\/v1\/2017\/05\/31\/preocupante-pais-tem-um-milhao-a-mais-de-desempregados-em-tres-meses\/","title":{"rendered":"Preocupante! Pa\u00eds tem um milh\u00e3o a mais de desempregados em tr\u00eas meses"},"content":{"rendered":"<h3 style=\"text-align: justify;\"><img loading=\"lazy\" class=\"  wp-image-71454 alignleft\" src=\"http:\/\/www.blogdotarugao.com.br\/v1\/wp-content\/uploads\/2016\/11\/carteira.jpg\" alt=\"carteira\" width=\"585\" height=\"377\" srcset=\"https:\/\/www.blogdotarugao.com.br\/v1\/wp-content\/uploads\/2016\/11\/carteira.jpg 540w, https:\/\/www.blogdotarugao.com.br\/v1\/wp-content\/uploads\/2016\/11\/carteira-300x193.jpg 300w\" sizes=\"(max-width: 585px) 100vw, 585px\" \/>A taxa de desemprego subiu a 13,6% no trimestre encerrado em abril, segundo dados da Pesquisa Nacional por Amostra de Domic\u00edlios (Pnad) Cont\u00ednua Mensal divulgados nesta quarta-feira pelo IBGE.<\/h3>\n<h3 style=\"text-align: justify;\">Com isso, o n\u00famero de desempregados ficou em 14 milh\u00f5es, uma alta de 23,1% em rela\u00e7\u00e3o ao mesmo per\u00edodo do ano passado \u2014 o que corresponde a um acr\u00e9scimo de 2,6 milh\u00f5es de brasileiros \u00e0 fila de desempregados, na compara\u00e7\u00e3o anual. Em rela\u00e7\u00e3o a janeiro, \u00faltimo dado compar\u00e1vel com a taxa de abril, houve alta de 8,7%, equivalente a 1,1 milh\u00e3o de pessoas. No trimestre encerrado em janeiro a taxa havia sido de 12,6%.<\/h3>\n<p><!--more--><\/p>\n<h3 style=\"text-align: justify;\">J\u00e1 a registrada no per\u00edodo de fevereiro a abril de 2016 foi de 11,2%.J\u00e1 a popula\u00e7\u00e3o ocupada caiu 1,5% na compara\u00e7\u00e3o anual, para 89,2 milh\u00f5es de pessoas. Ou seja, foram perdidos 1,4 milh\u00e3o de postos de trabalho, na compara\u00e7\u00e3o com o mesmo per\u00edodo do ano passado. Na compara\u00e7\u00e3o com o trimestre encerrado em janeiro, a queda foi de 0,7%. A combina\u00e7\u00e3o entre a queda da ocupa\u00e7\u00e3o e o aumento da desocupa\u00e7\u00e3o resultou na alta da taxa de desemprego.<\/h3>\n","protected":false},"excerpt":{"rendered":"<p>A taxa de desemprego subiu a 13,6% no trimestre encerrado em abril, segundo dados da Pesquisa Nacional por Amostra de Domic\u00edlios (Pnad) Cont\u00ednua Mensal divulgados nesta quarta-feira pelo IBGE. Com isso, o n\u00famero de desempregados ficou em 14 milh\u00f5es, uma alta de 23,1% em rela\u00e7\u00e3o ao mesmo per\u00edodo do ano passado \u2014 o que corresponde [&hellip;]<\/p>\n","protected":false},"author":2,"featured_media":0,"comment_status":"open","ping_status":"open","sticky":false,"template":"","format":"standard","meta":{"_links_to":"","_links_to_target":""},"categories":[1],"tags":[],"_links":{"self":[{"href":"https:\/\/www.blogdotarugao.com.br\/v1\/wp-json\/wp\/v2\/posts\/81646"}],"collection":[{"href":"https:\/\/www.blogdotarugao.com.br\/v1\/wp-json\/wp\/v2\/posts"}],"about":[{"href":"https:\/\/www.blogdotarugao.com.br\/v1\/wp-json\/wp\/v2\/types\/post"}],"author":[{"embeddable":true,"href":"https:\/\/www.blogdotarugao.com.br\/v1\/wp-json\/wp\/v2\/users\/2"}],"replies":[{"embeddable":true,"href":"https:\/\/www.blogdotarugao.com.br\/v1\/wp-json\/wp\/v2\/comments?post=81646"}],"version-history":[{"count":1,"href":"https:\/\/www.blogdotarugao.com.br\/v1\/wp-json\/wp\/v2\/posts\/81646\/revisions"}],"predecessor-version":[{"id":81647,"href":"https:\/\/www.blogdotarugao.com.br\/v1\/wp-json\/wp\/v2\/posts\/81646\/revisions\/81647"}],"wp:attachment":[{"href":"https:\/\/www.blogdotarugao.com.br\/v1\/wp-json\/wp\/v2\/media?parent=81646"}],"wp:term":[{"taxonomy":"category","embeddable":true,"href":"https:\/\/www.blogdotarugao.com.br\/v1\/wp-json\/wp\/v2\/categories?post=81646"},{"taxonomy":"post_tag","embeddable":true,"href":"https:\/\/www.blogdotarugao.com.br\/v1\/wp-json\/wp\/v2\/tags?post=81646"}],"curies":[{"name":"wp","href":"https:\/\/api.w.org\/{rel}","templated":true}]}}