{"id":8181,"date":"2014-05-03T08:59:43","date_gmt":"2014-05-03T11:59:43","guid":{"rendered":"http:\/\/www.blogdotarugao.com.br\/v1\/?p=8181"},"modified":"2014-05-03T08:59:43","modified_gmt":"2014-05-03T11:59:43","slug":"eleicoes-nao-serao-faceis-para-dilma-diz-lula","status":"publish","type":"post","link":"https:\/\/www.blogdotarugao.com.br\/v1\/2014\/05\/03\/eleicoes-nao-serao-faceis-para-dilma-diz-lula\/","title":{"rendered":"Elei\u00e7\u00f5es n\u00e3o ser\u00e3o f\u00e1ceis para Dilma, diz Lula"},"content":{"rendered":"<div>\n<div><img title=\"Elei\u00e7\u00f5es n\u00e3o ser\u00e3o f\u00e1ceis para Dilma, diz Lula\" alt=\"Elei\u00e7\u00f5es n\u00e3o ser\u00e3o f\u00e1ceis para Dilma, diz Lula\" src=\"http:\/\/www.bahianoticias.com.br\/fotos\/estadao_noticias\/34566\/xIMAGEM_NOTICIA_5.jpg.pagespeed.ic.KYFf1qaqCJ.jpg\" \/><\/p>\n<div>Foto: Divulga\u00e7\u00e3o<\/div>\n<\/div>\n<div><\/div>\n<\/div>\n<div>Durante discurso no evento que formalizou a candidatura \u00e0 reelei\u00e7\u00e3o da presidente Dilma Rousseff, o ex-presidente Luiz In\u00e1cio Lula da Silva afirmou, nesta sexta-feira (2), que as elei\u00e7\u00f5es n\u00e3o ser\u00e3o f\u00e1ceis para a candidata e garantiu que estar\u00e1 ao seu lado durante a campanha.\u00a0&#8220;N\u00e3o teremos uma campanha f\u00e1cil, n\u00e3o vai ser moleza&#8221;, disse. Lula reconheceu ainda o \u00e1rduo trabalho no Estado de S\u00e3o Paulo, governado por tucanos h\u00e1 20 anos. &#8221; Aqui em S\u00e3o Paulo sempre foi um Estado complicado para n\u00f3s&#8221;, admitiu.\u00a0Lembrando que n\u00e3o tem cargo pol\u00edtico no momento, o ex-presidente prometeu se empenhar pela reelei\u00e7\u00e3o. &#8220;Estarei por conta da campanha. A Dilma, por conta dos acordos e das alian\u00e7as, n\u00e3o vai poder estar em v\u00e1rios lugares&#8221;, afirmou. &#8220;Mas eu nu n\u00e3o sou presidente do PT, eu n\u00e3o sou presidente do Instituo Lula, n\u00e3o estou subordinado aos acordos que o Rui Falc\u00e3o fez&#8221;, afirmou, numa brincadeira com o presidente nacional do partido, e dizendo que vai \u00e0s ruas na campanha.<\/div>\n","protected":false},"excerpt":{"rendered":"<p>Foto: Divulga\u00e7\u00e3o Durante discurso no evento que formalizou a candidatura \u00e0 reelei\u00e7\u00e3o da presidente Dilma Rousseff, o ex-presidente Luiz In\u00e1cio Lula da Silva afirmou, nesta sexta-feira (2), que as elei\u00e7\u00f5es n\u00e3o ser\u00e3o f\u00e1ceis para a candidata e garantiu que estar\u00e1 ao seu lado durante a campanha.\u00a0&#8220;N\u00e3o teremos uma campanha f\u00e1cil, n\u00e3o vai ser moleza&#8221;, disse. [&hellip;]<\/p>\n","protected":false},"author":2,"featured_media":0,"comment_status":"open","ping_status":"open","sticky":false,"template":"","format":"standard","meta":{"_links_to":"","_links_to_target":""},"categories":[7],"tags":[],"_links":{"self":[{"href":"https:\/\/www.blogdotarugao.com.br\/v1\/wp-json\/wp\/v2\/posts\/8181"}],"collection":[{"href":"https:\/\/www.blogdotarugao.com.br\/v1\/wp-json\/wp\/v2\/posts"}],"about":[{"href":"https:\/\/www.blogdotarugao.com.br\/v1\/wp-json\/wp\/v2\/types\/post"}],"author":[{"embeddable":true,"href":"https:\/\/www.blogdotarugao.com.br\/v1\/wp-json\/wp\/v2\/users\/2"}],"replies":[{"embeddable":true,"href":"https:\/\/www.blogdotarugao.com.br\/v1\/wp-json\/wp\/v2\/comments?post=8181"}],"version-history":[{"count":1,"href":"https:\/\/www.blogdotarugao.com.br\/v1\/wp-json\/wp\/v2\/posts\/8181\/revisions"}],"predecessor-version":[{"id":8182,"href":"https:\/\/www.blogdotarugao.com.br\/v1\/wp-json\/wp\/v2\/posts\/8181\/revisions\/8182"}],"wp:attachment":[{"href":"https:\/\/www.blogdotarugao.com.br\/v1\/wp-json\/wp\/v2\/media?parent=8181"}],"wp:term":[{"taxonomy":"category","embeddable":true,"href":"https:\/\/www.blogdotarugao.com.br\/v1\/wp-json\/wp\/v2\/categories?post=8181"},{"taxonomy":"post_tag","embeddable":true,"href":"https:\/\/www.blogdotarugao.com.br\/v1\/wp-json\/wp\/v2\/tags?post=8181"}],"curies":[{"name":"wp","href":"https:\/\/api.w.org\/{rel}","templated":true}]}}