{"id":8196,"date":"2014-05-03T09:54:34","date_gmt":"2014-05-03T12:54:34","guid":{"rendered":"http:\/\/www.blogdotarugao.com.br\/v1\/?p=8196"},"modified":"2014-05-03T09:54:34","modified_gmt":"2014-05-03T12:54:34","slug":"lidice-sai-das-sombras-e-ataca-pt-cafe-requentado","status":"publish","type":"post","link":"https:\/\/www.blogdotarugao.com.br\/v1\/2014\/05\/03\/lidice-sai-das-sombras-e-ataca-pt-cafe-requentado\/","title":{"rendered":"L\u00eddice sai das sombras e ataca PT: \u201ccaf\u00e9 requentado\u201d"},"content":{"rendered":"<p><img alt=\"\" src=\"http:\/\/www.bocaonews.com.br\/ckfinder\/userfiles\/fotos_e_imagens\/POLITICA\/BAHIA\/SENADORES\/lidice-da-mata-bocao-news.jpg\" \/>Desde que anunciou sua pr\u00e9-candidatura ao governo do estado, a senadora L\u00eddice da Mata (PSB) andava escondida e \u00e0s sombras da ex-ministra do Superior Tribunal de Justi\u00e7a (STJ), Eliana Calmon. Mas, desta vez mostrou toda sua for\u00e7a pol\u00edtica e iniciou seu papel de oposi\u00e7\u00e3o. No Semin\u00e1rio de Desenvolvimento do Sul da Bahia, em Ilh\u00e9us, nesta sexta-feira (2), a senadora participou ao lado do presidenci\u00e1vel Eduardo Campos.<\/p>\n<p>\u201cNingu\u00e9m gosta de caf\u00e9 requentado ou de chocolate frio. N\u00e3o queremos a continuidade dessa pol\u00edtica exclusivista do PT. A continuidade do PT significa o caminho da n\u00e3o pol\u00edtica\u201d, ciritcou a senadora.<\/p>\n<p>O ex-secret\u00e1rio do Turismo, Domingos Leonelli tamb\u00e9m deixou o tom comedido e criticou a atua\u00e7\u00e3o da condu\u00e7\u00e3o pol\u00edtica do governo Jaques Wagner e do pr\u00e9-candidato governista. \u201cRui Costa n\u00e3o existe politicamente\u201d.<\/p>\n<p>A ex-ministra, que tamb\u00e9m esteve no evento, n\u00e3o poupou os petista e ressaltou a necessidade de fazer uma nova pol\u00edtica. \u201cEste governo faz a distribui\u00e7\u00e3o de acordo com as suas prefer\u00eancias pol\u00edtico-partid\u00e1rias. Eu n\u00e3o quero fazer a pol\u00edtica que historicamente atravessou esse pa\u00eds. Eu n\u00e3o quero fazer uma nova pol\u00edtica\u201d.<\/p>\n<p>Campos usou o espa\u00e7o para criticar a presidente Dilma Rousseff. De acordo com ele, a Bahia passa pelo menos problema nacional e com isso precisa de mudan\u00e7as. \u201cVamos ganhar essa elei\u00e7\u00e3o sem estar com a alma vendida para a velho pol\u00edtica\u201d.<\/p>\n","protected":false},"excerpt":{"rendered":"<p>Desde que anunciou sua pr\u00e9-candidatura ao governo do estado, a senadora L\u00eddice da Mata (PSB) andava escondida e \u00e0s sombras da ex-ministra do Superior Tribunal de Justi\u00e7a (STJ), Eliana Calmon. Mas, desta vez mostrou toda sua for\u00e7a pol\u00edtica e iniciou seu papel de oposi\u00e7\u00e3o. No Semin\u00e1rio de Desenvolvimento do Sul da Bahia, em Ilh\u00e9us, nesta [&hellip;]<\/p>\n","protected":false},"author":2,"featured_media":0,"comment_status":"open","ping_status":"open","sticky":false,"template":"","format":"standard","meta":{"_links_to":"","_links_to_target":""},"categories":[1,7],"tags":[],"_links":{"self":[{"href":"https:\/\/www.blogdotarugao.com.br\/v1\/wp-json\/wp\/v2\/posts\/8196"}],"collection":[{"href":"https:\/\/www.blogdotarugao.com.br\/v1\/wp-json\/wp\/v2\/posts"}],"about":[{"href":"https:\/\/www.blogdotarugao.com.br\/v1\/wp-json\/wp\/v2\/types\/post"}],"author":[{"embeddable":true,"href":"https:\/\/www.blogdotarugao.com.br\/v1\/wp-json\/wp\/v2\/users\/2"}],"replies":[{"embeddable":true,"href":"https:\/\/www.blogdotarugao.com.br\/v1\/wp-json\/wp\/v2\/comments?post=8196"}],"version-history":[{"count":1,"href":"https:\/\/www.blogdotarugao.com.br\/v1\/wp-json\/wp\/v2\/posts\/8196\/revisions"}],"predecessor-version":[{"id":8197,"href":"https:\/\/www.blogdotarugao.com.br\/v1\/wp-json\/wp\/v2\/posts\/8196\/revisions\/8197"}],"wp:attachment":[{"href":"https:\/\/www.blogdotarugao.com.br\/v1\/wp-json\/wp\/v2\/media?parent=8196"}],"wp:term":[{"taxonomy":"category","embeddable":true,"href":"https:\/\/www.blogdotarugao.com.br\/v1\/wp-json\/wp\/v2\/categories?post=8196"},{"taxonomy":"post_tag","embeddable":true,"href":"https:\/\/www.blogdotarugao.com.br\/v1\/wp-json\/wp\/v2\/tags?post=8196"}],"curies":[{"name":"wp","href":"https:\/\/api.w.org\/{rel}","templated":true}]}}