{"id":82170,"date":"2017-06-11T09:17:00","date_gmt":"2017-06-11T12:17:00","guid":{"rendered":"http:\/\/www.blogdotarugao.com.br\/v1\/?p=82170"},"modified":"2017-06-11T09:24:28","modified_gmt":"2017-06-11T12:24:28","slug":"tatuador-e-preso-por-tortura-apos-escrever-eu-sou-ladrao-e-vacilao-na-testa-de-adolescente-no-abc","status":"publish","type":"post","link":"https:\/\/www.blogdotarugao.com.br\/v1\/2017\/06\/11\/tatuador-e-preso-por-tortura-apos-escrever-eu-sou-ladrao-e-vacilao-na-testa-de-adolescente-no-abc\/","title":{"rendered":"Tatuador \u00e9 preso por tortura ap\u00f3s escrever &#8216;eu sou ladr\u00e3o e vacil\u00e3o&#8217; na testa de adolescente no ABC"},"content":{"rendered":"<h3 class=\"post-title entry-title\" style=\"text-align: justify;\">\u00a0<iframe loading=\"lazy\" src=\"https:\/\/www.youtube-nocookie.com\/embed\/G-bKuAGMalY\" width=\"584\" height=\"358\" frameborder=\"0\" allowfullscreen=\"allowfullscreen\"><\/iframe>O\u00a0tatuador Ronildo Moreira de Ara\u00fajo, 29 anos, e o vizinho Maycon Wesley Carvalho dos Reis, 27 anos, foram presos em flagrante por tortura, na noite desta sexta-feira (9), no Centro de S\u00e3o Bernardo do Campo. Eles s\u00e3o respons\u00e1veis por tatuar a inscri\u00e7\u00e3o &#8220;eu sou ladr\u00e3o e vacil\u00e3o&#8221; na testa de um adolescente de 17 anos. O crime, segundo informa\u00e7\u00f5es da pol\u00edcia, foi cometido na manh\u00e3 desta sexta-feira.<\/h3>\n<div id=\"post-body-1175133843053382751\" class=\"post-body entry-content\">\n<h3 style=\"text-align: justify;\">Na tarde deste s\u00e1bado (10), a ju\u00edza In\u00eas Del Cid, da Vara Criminal de S\u00e3o Bernardo do Campo, decretou a pris\u00e3o preventiva dos dois.<\/h3>\n<h3 style=\"text-align: justify;\">A tatuagem foi filmada com o celular de Maycon, compartilhada no Whatsapp e o v\u00eddeo viralizou rapidamente. O detalhe \u00e9 que o adolescente estava desaparecido desde 31 de maio e os familiares o reconheceram quando tamb\u00e9m receberam o v\u00eddeo do adolescente sendo tatuado na testa.<\/h3>\n<h3 class=\"separator\" style=\"text-align: justify;\"><img loading=\"lazy\" class=\"  wp-image-82174 alignleft\" src=\"http:\/\/www.blogdotarugao.com.br\/v1\/wp-content\/uploads\/2017\/06\/00049.jpg\" alt=\"000\" width=\"584\" height=\"340\" srcset=\"https:\/\/www.blogdotarugao.com.br\/v1\/wp-content\/uploads\/2017\/06\/00049.jpg 550w, https:\/\/www.blogdotarugao.com.br\/v1\/wp-content\/uploads\/2017\/06\/00049-300x175.jpg 300w\" sizes=\"(max-width: 584px) 100vw, 584px\" \/><\/h3>\n<h3 style=\"text-align: justify;\">Nas imagens \u00e9 poss\u00edvel perceber que o adolescente n\u00e3o reage \u00e0s provoca\u00e7\u00f5es do tatuador e do vizinho dele. Em certo momento, um deles diz: &#8220;vai doer, vai doer&#8221;. Em outro momento eles perguntam ao menino o que ele quer tatuar e for\u00e7am a resposta: &#8220;ladr\u00e3o.&#8221;<\/h3>\n<h3 style=\"text-align: justify;\">Com o v\u00eddeo em m\u00e3os, eles foram at\u00e9 o 3\u00ba Distrito Policial de S\u00e3o Bernardo do Campo para tentar localizar o paradeiro do adolescente. Segundo relato da fam\u00edlia \u00e0 pol\u00edcia, o jovem \u00e9 usu\u00e1rio de drogas e n\u00e3o estaria gozando de suas faculdades mentais.<\/h3>\n<h3 style=\"text-align: justify;\">Com as informa\u00e7\u00f5es passadas pela fam\u00edlia, uma equipe de investigadores seguiu at\u00e9 a Rua Jurubatuba, no Centro de S\u00e3o Bernardo do Campo, onde localizaram o tatuador na cal\u00e7ada. No local n\u00e3o funciona um est\u00fadio de tatuagem, mas uma pens\u00e3o onde Ronildo e Maycon eram vizinhos.<\/h3>\n<h3 style=\"text-align: justify;\">Na delegacia, os dois disseram para a delegada Carolina Nascimento Aguiar que o adolescente teria tentado furtar uma bicicleta na regi\u00e3o e ficaram revoltados com isso e &#8220;resolveram tatuar o mesmo como forma de puni\u00e7\u00e3o&#8221;.<\/h3>\n<h3 style=\"text-align: justify;\">Uma opera\u00e7\u00e3o de busca foi realizada na regi\u00e3o, mas o jovem que foi tatuado na testa permanece desaparecido at\u00e9 as 16h30 deste s\u00e1bado.<\/h3>\n<h3 style=\"text-align: justify;\"><\/h3>\n<h3 style=\"text-align: justify;\">Os indiciados informaram aos policiais que colocaram o jovem em liberdade.<\/h3>\n<h3 style=\"text-align: justify;\"><!--more--><\/h3>\n<h3 style=\"text-align: justify;\">O advogado Ariel de Castro Alves, coordenador da Comiss\u00e3o da Crian\u00e7a e do Adolescente do Condepe (Conselho Estadual dos Direitos da Pessoa Humana de S\u00e3o Paulo) disse que vai acompanhar o caso, que considera &#8220;grav\u00edssimo&#8221;. &#8220;O v\u00eddeo circula desde sexta-feira (09) \u00a0na internet. A pol\u00edcia agiu corretamente. Submeter algu\u00e9m a intenso sofrimento f\u00edsico e psicol\u00f3gico configura tortura. Se ele estava tentando furtar ou roubar eles deveriam chamar a pol\u00edcia e n\u00e3o torturar.&#8221;<\/h3>\n<\/div>\n<p>&nbsp;<\/p>\n","protected":false},"excerpt":{"rendered":"<p>\u00a0O\u00a0tatuador Ronildo Moreira de Ara\u00fajo, 29 anos, e o vizinho Maycon Wesley Carvalho dos Reis, 27 anos, foram presos em flagrante por tortura, na noite desta sexta-feira (9), no Centro de S\u00e3o Bernardo do Campo. Eles s\u00e3o respons\u00e1veis por tatuar a inscri\u00e7\u00e3o &#8220;eu sou ladr\u00e3o e vacil\u00e3o&#8221; na testa de um adolescente de 17 anos. [&hellip;]<\/p>\n","protected":false},"author":2,"featured_media":82173,"comment_status":"open","ping_status":"open","sticky":false,"template":"","format":"standard","meta":{"_links_to":"","_links_to_target":""},"categories":[1],"tags":[],"_links":{"self":[{"href":"https:\/\/www.blogdotarugao.com.br\/v1\/wp-json\/wp\/v2\/posts\/82170"}],"collection":[{"href":"https:\/\/www.blogdotarugao.com.br\/v1\/wp-json\/wp\/v2\/posts"}],"about":[{"href":"https:\/\/www.blogdotarugao.com.br\/v1\/wp-json\/wp\/v2\/types\/post"}],"author":[{"embeddable":true,"href":"https:\/\/www.blogdotarugao.com.br\/v1\/wp-json\/wp\/v2\/users\/2"}],"replies":[{"embeddable":true,"href":"https:\/\/www.blogdotarugao.com.br\/v1\/wp-json\/wp\/v2\/comments?post=82170"}],"version-history":[{"count":4,"href":"https:\/\/www.blogdotarugao.com.br\/v1\/wp-json\/wp\/v2\/posts\/82170\/revisions"}],"predecessor-version":[{"id":82177,"href":"https:\/\/www.blogdotarugao.com.br\/v1\/wp-json\/wp\/v2\/posts\/82170\/revisions\/82177"}],"wp:featuredmedia":[{"embeddable":true,"href":"https:\/\/www.blogdotarugao.com.br\/v1\/wp-json\/wp\/v2\/media\/82173"}],"wp:attachment":[{"href":"https:\/\/www.blogdotarugao.com.br\/v1\/wp-json\/wp\/v2\/media?parent=82170"}],"wp:term":[{"taxonomy":"category","embeddable":true,"href":"https:\/\/www.blogdotarugao.com.br\/v1\/wp-json\/wp\/v2\/categories?post=82170"},{"taxonomy":"post_tag","embeddable":true,"href":"https:\/\/www.blogdotarugao.com.br\/v1\/wp-json\/wp\/v2\/tags?post=82170"}],"curies":[{"name":"wp","href":"https:\/\/api.w.org\/{rel}","templated":true}]}}