{"id":82189,"date":"2017-06-11T17:07:10","date_gmt":"2017-06-11T20:07:10","guid":{"rendered":"http:\/\/www.blogdotarugao.com.br\/v1\/?p=82189"},"modified":"2017-06-11T17:11:43","modified_gmt":"2017-06-11T20:11:43","slug":"gustavo-kuerten-e-homenageado-em-roland-garros","status":"publish","type":"post","link":"https:\/\/www.blogdotarugao.com.br\/v1\/2017\/06\/11\/gustavo-kuerten-e-homenageado-em-roland-garros\/","title":{"rendered":"Gustavo Kuerten \u00e9 homenageado em Roland Garros"},"content":{"rendered":"<header class=\"article-header\">\n<h3 class=\"article-subtitle\" style=\"text-align: justify;\">Tricampe\u00e3o do torneio, ele foi presenteado com o anel do Hall da Fama do esporte<\/h3>\n<\/header>\n<section class=\"article-content\">\n<div class=\"featured-image\">\n<div class=\"image\"><img loading=\"lazy\" class=\"  wp-image-82190 alignleft\" src=\"http:\/\/www.blogdotarugao.com.br\/v1\/wp-content\/uploads\/2017\/06\/00050.jpg\" alt=\"000\" width=\"585\" height=\"390\" srcset=\"https:\/\/www.blogdotarugao.com.br\/v1\/wp-content\/uploads\/2017\/06\/00050.jpg 680w, https:\/\/www.blogdotarugao.com.br\/v1\/wp-content\/uploads\/2017\/06\/00050-300x200.jpg 300w\" sizes=\"(max-width: 585px) 100vw, 585px\" \/><\/div>\n<h3 class=\"caption\" style=\"text-align: justify;\">Antes da final de Roland Garros o ex-tenista brasileiro e tricampe\u00e3o do torneio, Gustavo Kuerten, foi homenageado na quadra Philippe Chatrier 20 anos ap\u00f3s a conquista de seu primeiro t\u00edtulo &#8211; 11\/06\/2017 (Eric Feferberg\/AFP)<\/h3>\n<\/div>\n<h3 style=\"text-align: justify;\">Vinte anos depois de sua primeira conquista em Roland Garros, Gustavo Kuerten voltou a ser o centro das aten\u00e7\u00f5es na quadra Philippe Chatrier neste domingo. Momentos antes da final do Grand Slam franc\u00eas entre Rafael Nadal e Stan Wawrinka, <strong>o brasileiro foi homenageado pelo anivers\u00e1rio de duas d\u00e9cadas de seu t\u00edtulo em Paris em 1997.<\/strong><\/h3>\n<h3 style=\"text-align: justify;\">Guga recebeu o reconhecimento de diversos nomes importantes do t\u00eanis, incluindo o presidente da Federa\u00e7\u00e3o Francesa, Bernard Giudicelli, e foi homenageado com o anel do Hall da Fama do esporte, honraria dada a poucos tenistas. Tricampe\u00e3o do torneio, ele venceu as edi\u00e7\u00f5es de 1997, 2000 e 2001.<\/h3>\n<h3 style=\"text-align: justify;\">Em seu discurso, Guga falou em franc\u00eas e foi celebrado pelos milhares de espectadores na quadra principal do complexo de Roland Garros. <strong>\u201c\u00c9 muita emo\u00e7\u00e3o estar aqui e poder ser reconhecido. O t\u00eanis contribuiu demais na constru\u00e7\u00e3o dos meus valores e da minha hist\u00f3ria. S\u00f3 posso agradecer\u201d<\/strong>, disse.<\/h3>\n<h3 class=\"wp-caption alignleft\" style=\"text-align: justify; width: 595px;\"><img loading=\"lazy\" class=\" wp-image-2080677\" style=\"border: 0px; margin: 0px; padding: 0px; box-sizing: border-box; list-style: none; outline: 0px; text-decoration: none; max-width: 100%; height: 390px; width: 585px;\" src=\"https:\/\/abrilveja.files.wordpress.com\/2017\/06\/final-roland-garros-20170611-001.jpg?quality=70&amp;strip=info&amp;w=650&amp;strip=info\" sizes=\"(max-width: 650px) 100vw, 650px\" srcset=\"https:\/\/abrilveja.files.wordpress.com\/2017\/06\/final-roland-garros-20170611-001.jpg?quality=70&amp;strip=info&amp;w=650 650w, https:\/\/abrilveja.files.wordpress.com\/2017\/06\/final-roland-garros-20170611-001.jpg?quality=70&amp;strip=info&amp;w=1300 1300w, https:\/\/abrilveja.files.wordpress.com\/2017\/06\/final-roland-garros-20170611-001.jpg?quality=70&amp;strip=info&amp;w=150 150w, https:\/\/abrilveja.files.wordpress.com\/2017\/06\/final-roland-garros-20170611-001.jpg?quality=70&amp;strip=info&amp;w=300 300w, https:\/\/abrilveja.files.wordpress.com\/2017\/06\/final-roland-garros-20170611-001.jpg?quality=70&amp;strip=info&amp;w=768 768w\" alt=\"Guga \u00e9 homenageado em Roland Garros\" width=\"650\" height=\"433\" border=\"0\" data-attachment-id=\"2080677\" data-permalink=\"http:\/\/veja.abril.com.br\/esporte\/gustavo-kuerten-e-homenageado-em-roland-garros\/attachment\/tennis-fra-open-men-3\/\" data-orig-file=\"https:\/\/abrilveja.files.wordpress.com\/2017\/06\/final-roland-garros-20170611-001.jpg?quality=70&amp;strip=info\" data-orig-size=\"3000,2000\" data-comments-opened=\"1\" data-image-meta=\"{&quot;aperture&quot;:&quot;0&quot;,&quot;credit&quot;:&quot;AFP&quot;,&quot;camera&quot;:&quot;&quot;,&quot;caption&quot;:&quot;Brazilian former tennis player Gustavo Kuerten poses in the middle of the heart shaped with tennis balls before men's final tennis match at the Roland Garros 2017 French Open on June 11, 2017 in Paris.  \\\/ AFP PHOTO \\\/ GABRIEL BOUYS&quot;,&quot;created_timestamp&quot;:&quot;1497185972&quot;,&quot;copyright&quot;:&quot;AFP or licensors&quot;,&quot;focal_length&quot;:&quot;0&quot;,&quot;iso&quot;:&quot;0&quot;,&quot;shutter_speed&quot;:&quot;0&quot;,&quot;title&quot;:&quot;TENNIS-FRA-OPEN-MEN&quot;,&quot;orientation&quot;:&quot;1&quot;}\" data-image-title=\"Guga \u00e9 homenageado em Roland Garros\" data-image-description=\"&lt;p&gt;Antes da final de Roland Garros o ex-tenista brasileiro e tricampe\u00e3o do torneio, Gustavo Kuerten, foi homenageado na quadra Philippe Chatrier 20 anos ap\u00f3s a conquista de seu primeiro t\u00edtulo \u2013 11\/06\/2017&lt;\/p&gt;\n\" data-medium-file=\"https:\/\/abrilveja.files.wordpress.com\/2017\/06\/final-roland-garros-20170611-001.jpg?quality=70&amp;strip=info&amp;w=300\" data-large-file=\"https:\/\/abrilveja.files.wordpress.com\/2017\/06\/final-roland-garros-20170611-001.jpg?quality=70&amp;strip=info&amp;w=650\" data-restrict=\"false\" data-portal-copyright=\"Gabriel Bouys\" data-image-caption=\"Antes da final de Roland Garros o ex-tenista brasileiro e tricampe\u00e3o do torneio, Gustavo Kuerten, foi homenageado na quadra Philippe Chatrier 20 anos ap\u00f3s a conquista de seu primeiro t\u00edtulo - 11\/06\/2017\" \/><\/h3>\n<p class=\"wp-caption-text\">Antes da final de Roland Garros o ex-tenista brasileiro e tricampe\u00e3o do torneio, Gustavo Kuerten, foi homenageado na quadra Philippe Chatrier 20 anos ap\u00f3s a conquista de seu primeiro t\u00edtulo (Gabriel Bouys\/AFP)<\/p>\n<h3 style=\"text-align: justify;\">Guga esteve acompanhado de sua esposa, Mariana, e de seus filhos. Ap\u00f3s o recebimento do anel, grandes bolas de t\u00eanis foram colocadas na quadra em forma de cora\u00e7\u00e3o, relembrando um gesto do tenistas brasileiro que ficou imortalizado em Roland Garros, ao longo de sua caminhada no terceiro t\u00edtulo do Grand Slam, em 2001.<!--more--><\/h3>\n<h3 style=\"text-align: justify;\">A entrega do anel encerra uma s\u00e9rie de homenagens que v\u00eam celebrando os 20 anos do t\u00edtulo de 1997. As festividades tiveram in\u00edcio com o lan\u00e7amento de um document\u00e1rio sobre a trajet\u00f3ria surpreendente do catarinense naquele ano, quando era apenas o 66\u00ba do ranking. O curta foi produzido pela Federa\u00e7\u00e3o Francesa de T\u00eanis (FFT).<\/h3>\n<h3 style=\"text-align: justify;\">Depois, Guga foi recebido com festa da organiza\u00e7\u00e3o de Roland Garros e de um patrocinador no dia 28, em breve visita ao torneio. \u201cEu ainda consigo saborear, relembrar os momentos inesquec\u00edveis que vivi aqui\u201d, afirmou o ex-atleta.<\/h3>\n<h3 style=\"text-align: justify;\">Na quinta passada, data exata do anivers\u00e1rio dos 20 anos, a FFT homenageou o brasileiro em seu pr\u00f3prio pa\u00eds. Em parceria com a Arquidiocese do Rio de Janeiro, iluminou o Cristo Redentor de azul e amarelo, cores do famoso e marcante uniforme do campe\u00e3o em 1997.<\/h3>\n<\/section>\n<p>&nbsp;<\/p>\n","protected":false},"excerpt":{"rendered":"<p>Tricampe\u00e3o do torneio, ele foi presenteado com o anel do Hall da Fama do esporte Antes da final de Roland Garros o ex-tenista brasileiro e tricampe\u00e3o do torneio, Gustavo Kuerten, foi homenageado na quadra Philippe Chatrier 20 anos ap\u00f3s a conquista de seu primeiro t\u00edtulo &#8211; 11\/06\/2017 (Eric Feferberg\/AFP) Vinte anos depois de sua primeira [&hellip;]<\/p>\n","protected":false},"author":2,"featured_media":0,"comment_status":"open","ping_status":"open","sticky":false,"template":"","format":"standard","meta":{"_links_to":"","_links_to_target":""},"categories":[1],"tags":[],"_links":{"self":[{"href":"https:\/\/www.blogdotarugao.com.br\/v1\/wp-json\/wp\/v2\/posts\/82189"}],"collection":[{"href":"https:\/\/www.blogdotarugao.com.br\/v1\/wp-json\/wp\/v2\/posts"}],"about":[{"href":"https:\/\/www.blogdotarugao.com.br\/v1\/wp-json\/wp\/v2\/types\/post"}],"author":[{"embeddable":true,"href":"https:\/\/www.blogdotarugao.com.br\/v1\/wp-json\/wp\/v2\/users\/2"}],"replies":[{"embeddable":true,"href":"https:\/\/www.blogdotarugao.com.br\/v1\/wp-json\/wp\/v2\/comments?post=82189"}],"version-history":[{"count":2,"href":"https:\/\/www.blogdotarugao.com.br\/v1\/wp-json\/wp\/v2\/posts\/82189\/revisions"}],"predecessor-version":[{"id":82192,"href":"https:\/\/www.blogdotarugao.com.br\/v1\/wp-json\/wp\/v2\/posts\/82189\/revisions\/82192"}],"wp:attachment":[{"href":"https:\/\/www.blogdotarugao.com.br\/v1\/wp-json\/wp\/v2\/media?parent=82189"}],"wp:term":[{"taxonomy":"category","embeddable":true,"href":"https:\/\/www.blogdotarugao.com.br\/v1\/wp-json\/wp\/v2\/categories?post=82189"},{"taxonomy":"post_tag","embeddable":true,"href":"https:\/\/www.blogdotarugao.com.br\/v1\/wp-json\/wp\/v2\/tags?post=82189"}],"curies":[{"name":"wp","href":"https:\/\/api.w.org\/{rel}","templated":true}]}}