{"id":8358,"date":"2014-05-06T08:44:12","date_gmt":"2014-05-06T11:44:12","guid":{"rendered":"http:\/\/www.blogdotarugao.com.br\/v1\/?p=8358"},"modified":"2014-05-06T08:44:12","modified_gmt":"2014-05-06T11:44:12","slug":"governo-nao-tem-prazo-para-finalizar-projeto-de-lei-com-reivindicacoes-dos-policiais-militares","status":"publish","type":"post","link":"https:\/\/www.blogdotarugao.com.br\/v1\/2014\/05\/06\/governo-nao-tem-prazo-para-finalizar-projeto-de-lei-com-reivindicacoes-dos-policiais-militares\/","title":{"rendered":"Governo n\u00e3o tem prazo para finalizar projeto de lei com reivindica\u00e7\u00f5es dos policiais militares"},"content":{"rendered":"<div>\n<div><img title=\"Governo n\u00e3o tem prazo para finalizar projeto de lei com reivindica\u00e7\u00f5es dos policiais militares\" alt=\"Governo n\u00e3o tem prazo para finalizar projeto de lei com reivindica\u00e7\u00f5es dos policiais militares\" src=\"http:\/\/www.bahianoticias.com.br\/fotos\/principal_noticias\/154053\/xIMAGEM_NOTICIA_5.jpg.pagespeed.ic.aHpyc3QSNI.jpg\" \/><\/p>\n<div>Foto: Max Haack \/ Ag. Haack \/ Bahia Not\u00edcias<\/div>\n<\/div>\n<div><\/div>\n<\/div>\n<div><strong>Pouco mais de duas semanas depois do fim da greve da Pol\u00edcia Militar na Bahia, o projeto de lei que trata de reivindica\u00e7\u00f5es da classe ainda n\u00e3o foi finalizado pela Secretaria de Administra\u00e7\u00e3o do Estado (Saeb). Contatada pelo Bahia Not\u00edcias, a assessoria da pasta comunicou que n\u00e3o foi estabelecido prazo para que a proposta seja conclu\u00edda e enviada para a Assembleia Legislativa a fim de ser apreciada pelos deputados, porque a mat\u00e9ria entrar\u00e1 em estudo, o que demandaria tempo. A Saeb afirma que organiza o texto da Lei da Organiza\u00e7\u00e3o B\u00e1sica (LOD) da PM, que trata de assuntos como a autonomia do Corpo de Bombeiros, em conjunto com o comando da corpora\u00e7\u00e3o, a Secretaria de Seguran\u00e7a P\u00fablica (SSP) e a Procuradoria-Geral (PGE). No entanto, assegura que os itens do acordo entre o governo e as associa\u00e7\u00f5es da categoria, como o aumento de gratifica\u00e7\u00f5es por Condi\u00e7\u00f5es Especiais de Trabalho (CET), j\u00e1 est\u00e3o em fase de implementa\u00e7\u00e3o pelo \u00f3rg\u00e3o.\u00a0<a href=\"http:\/\/www.bahianoticias.com.br\/noticia\/153603-projeto-que-atende-a-reivindicacoes-da-pm-deve-ser-enviado-a-assembleia-nos-proximos-dias.html\" target=\"_blank\">Procurada pela reportagem no dia 24 de abril<\/a>, a mesma assessoria da Saeb havia estimado que a LOD seria encaminhada \u00e0 Casa Legislativa \u201cnos pr\u00f3ximos dias\u201d. Assim como na ocasi\u00e3o, em que foi questionado pelo BN, o presidente da Associa\u00e7\u00e3o dos Oficiais \u2013 For\u00e7a Invicta, tenente-coronel Edmilson Tavares, reafirma que os representantes do Pal\u00e1cio de Ondina ainda n\u00e3o procuraram nenhuma das entidades para retomar o di\u00e1logo acerca do projeto desde a \u00faltima reuni\u00e3o antes do fim da paralisa\u00e7\u00e3o. \u201cDepois que teve o acordo, n\u00e3o houve nenhum encontro. Ficaram de nos convocar e resolver alguns pontos que estavam discordantes. O convite n\u00e3o foi feito e vamos fazer o contato com o comando [da PM] para saber\u201d, reclamou. Representante da classe na AL-BA, o parlamentar Capit\u00e3o Tadeu (PSB) n\u00e3o atendeu \u00e0s chamadas da reportagem.<\/strong><\/div>\n","protected":false},"excerpt":{"rendered":"<p>Foto: Max Haack \/ Ag. Haack \/ Bahia Not\u00edcias Pouco mais de duas semanas depois do fim da greve da Pol\u00edcia Militar na Bahia, o projeto de lei que trata de reivindica\u00e7\u00f5es da classe ainda n\u00e3o foi finalizado pela Secretaria de Administra\u00e7\u00e3o do Estado (Saeb). Contatada pelo Bahia Not\u00edcias, a assessoria da pasta comunicou que [&hellip;]<\/p>\n","protected":false},"author":2,"featured_media":0,"comment_status":"open","ping_status":"open","sticky":false,"template":"","format":"standard","meta":{"_links_to":"","_links_to_target":""},"categories":[1,8,7],"tags":[],"_links":{"self":[{"href":"https:\/\/www.blogdotarugao.com.br\/v1\/wp-json\/wp\/v2\/posts\/8358"}],"collection":[{"href":"https:\/\/www.blogdotarugao.com.br\/v1\/wp-json\/wp\/v2\/posts"}],"about":[{"href":"https:\/\/www.blogdotarugao.com.br\/v1\/wp-json\/wp\/v2\/types\/post"}],"author":[{"embeddable":true,"href":"https:\/\/www.blogdotarugao.com.br\/v1\/wp-json\/wp\/v2\/users\/2"}],"replies":[{"embeddable":true,"href":"https:\/\/www.blogdotarugao.com.br\/v1\/wp-json\/wp\/v2\/comments?post=8358"}],"version-history":[{"count":1,"href":"https:\/\/www.blogdotarugao.com.br\/v1\/wp-json\/wp\/v2\/posts\/8358\/revisions"}],"predecessor-version":[{"id":8359,"href":"https:\/\/www.blogdotarugao.com.br\/v1\/wp-json\/wp\/v2\/posts\/8358\/revisions\/8359"}],"wp:attachment":[{"href":"https:\/\/www.blogdotarugao.com.br\/v1\/wp-json\/wp\/v2\/media?parent=8358"}],"wp:term":[{"taxonomy":"category","embeddable":true,"href":"https:\/\/www.blogdotarugao.com.br\/v1\/wp-json\/wp\/v2\/categories?post=8358"},{"taxonomy":"post_tag","embeddable":true,"href":"https:\/\/www.blogdotarugao.com.br\/v1\/wp-json\/wp\/v2\/tags?post=8358"}],"curies":[{"name":"wp","href":"https:\/\/api.w.org\/{rel}","templated":true}]}}