{"id":8406,"date":"2014-05-06T23:24:05","date_gmt":"2014-05-07T02:24:05","guid":{"rendered":"http:\/\/www.blogdotarugao.com.br\/v1\/?p=8406"},"modified":"2014-05-06T23:24:05","modified_gmt":"2014-05-07T02:24:05","slug":"concurso-da-al-ba-e-adiado-inscricoes-reabrem-a-partir-desta-quarta","status":"publish","type":"post","link":"https:\/\/www.blogdotarugao.com.br\/v1\/2014\/05\/06\/concurso-da-al-ba-e-adiado-inscricoes-reabrem-a-partir-desta-quarta\/","title":{"rendered":"Concurso da AL-BA \u00e9 adiado; inscri\u00e7\u00f5es reabrem a partir desta quarta"},"content":{"rendered":"<div>\n<div><img title=\"Concurso da AL-BA \u00e9 adiado; inscri\u00e7\u00f5es reabrem a partir desta quarta\" alt=\"Concurso da AL-BA \u00e9 adiado; inscri\u00e7\u00f5es reabrem a partir desta quarta\" src=\"http:\/\/www.bahianoticias.com.br\/fotos\/principal_noticias\/154101\/xIMAGEM_NOTICIA_5.jpg.pagespeed.ic.bH6OLqyOYX.jpg\" \/><\/p>\n<div>Foto: Max Haack \/ Ag. Haack \/ Bahia Not\u00edcias<\/div>\n<\/div>\n<div><\/div>\n<\/div>\n<div>Ap\u00f3s recomenda\u00e7\u00e3o do Minist\u00e9rio P\u00fablico do Estado (MP-BA), a Assembleia Legislativa da Bahia (AL-BA) adiou as provas do concurso p\u00fablico para o preenchimento de 97 vagas de cargos efetivos. A sele\u00e7\u00e3o ocorreria no domingo. De acordo com informa\u00e7\u00f5es da AL-BA, a nova data ainda n\u00e3o foi confirmada, mas a previs\u00e3o \u00e9 de que sejam escolhidos os dias 28 de maio ou 5 de junho. O adiamento do certame foi decidido em conjunto pelo Legislativo e pela Funda\u00e7\u00e3o Get\u00falio Vargas (FGV), respons\u00e1vel pela realiza\u00e7\u00e3o dos testes. O MP recomendou que fossem aceitas inscri\u00e7\u00f5es para provas de n\u00edveis diferentes, j\u00e1 que os hor\u00e1rios s\u00e3o compat\u00edveis. A AL-BA acatar\u00e1 a recomenda\u00e7\u00e3o do MP e homologar\u00e1 as 500 inscri\u00e7\u00f5es canceladas por conta do edital do concurso, que n\u00e3o aceitava cadastros simult\u00e2neos em vagas distintas. As inscri\u00e7\u00f5es tamb\u00e9m ser\u00e3o reabertas nesta quarta (7) e encerradas no domingo (11) e a taxa pode ser paga at\u00e9 a pr\u00f3xima segunda-feira (12). As orienta\u00e7\u00f5es para o novo prazo ser\u00e3o colocadas \u00e0 disposi\u00e7\u00e3o no site da FGV e da Assembleia.<\/div>\n","protected":false},"excerpt":{"rendered":"<p>Foto: Max Haack \/ Ag. Haack \/ Bahia Not\u00edcias Ap\u00f3s recomenda\u00e7\u00e3o do Minist\u00e9rio P\u00fablico do Estado (MP-BA), a Assembleia Legislativa da Bahia (AL-BA) adiou as provas do concurso p\u00fablico para o preenchimento de 97 vagas de cargos efetivos. A sele\u00e7\u00e3o ocorreria no domingo. De acordo com informa\u00e7\u00f5es da AL-BA, a nova data ainda n\u00e3o foi [&hellip;]<\/p>\n","protected":false},"author":2,"featured_media":0,"comment_status":"open","ping_status":"open","sticky":false,"template":"","format":"standard","meta":{"_links_to":"","_links_to_target":""},"categories":[1,7],"tags":[],"_links":{"self":[{"href":"https:\/\/www.blogdotarugao.com.br\/v1\/wp-json\/wp\/v2\/posts\/8406"}],"collection":[{"href":"https:\/\/www.blogdotarugao.com.br\/v1\/wp-json\/wp\/v2\/posts"}],"about":[{"href":"https:\/\/www.blogdotarugao.com.br\/v1\/wp-json\/wp\/v2\/types\/post"}],"author":[{"embeddable":true,"href":"https:\/\/www.blogdotarugao.com.br\/v1\/wp-json\/wp\/v2\/users\/2"}],"replies":[{"embeddable":true,"href":"https:\/\/www.blogdotarugao.com.br\/v1\/wp-json\/wp\/v2\/comments?post=8406"}],"version-history":[{"count":1,"href":"https:\/\/www.blogdotarugao.com.br\/v1\/wp-json\/wp\/v2\/posts\/8406\/revisions"}],"predecessor-version":[{"id":8407,"href":"https:\/\/www.blogdotarugao.com.br\/v1\/wp-json\/wp\/v2\/posts\/8406\/revisions\/8407"}],"wp:attachment":[{"href":"https:\/\/www.blogdotarugao.com.br\/v1\/wp-json\/wp\/v2\/media?parent=8406"}],"wp:term":[{"taxonomy":"category","embeddable":true,"href":"https:\/\/www.blogdotarugao.com.br\/v1\/wp-json\/wp\/v2\/categories?post=8406"},{"taxonomy":"post_tag","embeddable":true,"href":"https:\/\/www.blogdotarugao.com.br\/v1\/wp-json\/wp\/v2\/tags?post=8406"}],"curies":[{"name":"wp","href":"https:\/\/api.w.org\/{rel}","templated":true}]}}