{"id":8446,"date":"2014-05-07T09:16:36","date_gmt":"2014-05-07T12:16:36","guid":{"rendered":"http:\/\/www.blogdotarugao.com.br\/v1\/?p=8446"},"modified":"2014-05-07T09:16:36","modified_gmt":"2014-05-07T12:16:36","slug":"partido-verde-escolhera-entre-lidice-e-paulo-souto-ate-dia-20","status":"publish","type":"post","link":"https:\/\/www.blogdotarugao.com.br\/v1\/2014\/05\/07\/partido-verde-escolhera-entre-lidice-e-paulo-souto-ate-dia-20\/","title":{"rendered":"Partido Verde escolher\u00e1 entre L\u00eddice e Paulo Souto at\u00e9 dia 20"},"content":{"rendered":"<div id=\"cke_pastebin\"><img title=\"Reprodu\u00e7\u00e3o\" alt=\"\" src=\"http:\/\/www.bocaonews.com.br\/ckfinder\/userfiles\/fotos_e_imagens\/POLITICA\/BAHIA\/paulo_lidice_atarde.jpg\" \/>At\u00e9 o dia 20 de maio o Partido Verde decidir\u00e1 entre Paulo Souto (DEM) e L\u00eddice da Mata (PSB) para marchar na disputa pelo governo nas elei\u00e7\u00f5es de 2014. Segundo o presidente do partido na Bahia, Alan Lacerda, que tamb\u00e9m \u00e9 prefeito da cidade Lic\u00ednio de Almeida, o trabalho pelo meio ambiente, sustentabilidade e educa\u00e7\u00e3o s\u00e3o aspectos importantes para a decis\u00e3o final.\n<\/div>\n<div id=\"cke_pastebin\">J\u00e1 sobre o futuro da vice-prefeita C\u00e9lia Sacramento, Alan afirma que a mesma pode sair candidata a deputada federal ou vice-presidente, formando chapa com o pr\u00e9-candidato Eduardo Jorge. No entanto, se for necess\u00e1ria a ren\u00fancia da prefeitura de Salvador, \u00e9 poss\u00edvel que C\u00e9lia decline.<\/p>\n<p>\u201cProvavelmente ela n\u00e3o vai se tiver de renunciar. Ela \u00e9 uma grande figura na Bahia, nos honra em Salvador e se precisar renunciar eu entendo que ela deve continuar como vice\u201d, disse ele em entrevista na Tudo FM nesta manh\u00e3 (7).\n<\/p><\/div>\n<div id=\"cke_pastebin\">Ainda durante a conversa com os jornalistas, Alan aproveitou para informar que permanece na prefeitura de Lic\u00ednio e n\u00e3o sair\u00e1 candidato \u00a0a cargo algum nestas elei\u00e7\u00f5es.<\/div>\n","protected":false},"excerpt":{"rendered":"<p>At\u00e9 o dia 20 de maio o Partido Verde decidir\u00e1 entre Paulo Souto (DEM) e L\u00eddice da Mata (PSB) para marchar na disputa pelo governo nas elei\u00e7\u00f5es de 2014. Segundo o presidente do partido na Bahia, Alan Lacerda, que tamb\u00e9m \u00e9 prefeito da cidade Lic\u00ednio de Almeida, o trabalho pelo meio ambiente, sustentabilidade e educa\u00e7\u00e3o [&hellip;]<\/p>\n","protected":false},"author":2,"featured_media":0,"comment_status":"open","ping_status":"open","sticky":false,"template":"","format":"standard","meta":{"_links_to":"","_links_to_target":""},"categories":[1,7],"tags":[],"_links":{"self":[{"href":"https:\/\/www.blogdotarugao.com.br\/v1\/wp-json\/wp\/v2\/posts\/8446"}],"collection":[{"href":"https:\/\/www.blogdotarugao.com.br\/v1\/wp-json\/wp\/v2\/posts"}],"about":[{"href":"https:\/\/www.blogdotarugao.com.br\/v1\/wp-json\/wp\/v2\/types\/post"}],"author":[{"embeddable":true,"href":"https:\/\/www.blogdotarugao.com.br\/v1\/wp-json\/wp\/v2\/users\/2"}],"replies":[{"embeddable":true,"href":"https:\/\/www.blogdotarugao.com.br\/v1\/wp-json\/wp\/v2\/comments?post=8446"}],"version-history":[{"count":2,"href":"https:\/\/www.blogdotarugao.com.br\/v1\/wp-json\/wp\/v2\/posts\/8446\/revisions"}],"predecessor-version":[{"id":8448,"href":"https:\/\/www.blogdotarugao.com.br\/v1\/wp-json\/wp\/v2\/posts\/8446\/revisions\/8448"}],"wp:attachment":[{"href":"https:\/\/www.blogdotarugao.com.br\/v1\/wp-json\/wp\/v2\/media?parent=8446"}],"wp:term":[{"taxonomy":"category","embeddable":true,"href":"https:\/\/www.blogdotarugao.com.br\/v1\/wp-json\/wp\/v2\/categories?post=8446"},{"taxonomy":"post_tag","embeddable":true,"href":"https:\/\/www.blogdotarugao.com.br\/v1\/wp-json\/wp\/v2\/tags?post=8446"}],"curies":[{"name":"wp","href":"https:\/\/api.w.org\/{rel}","templated":true}]}}