{"id":8691,"date":"2014-05-10T21:28:24","date_gmt":"2014-05-11T00:28:24","guid":{"rendered":"http:\/\/www.blogdotarugao.com.br\/v1\/?p=8691"},"modified":"2014-05-10T21:28:24","modified_gmt":"2014-05-11T00:28:24","slug":"pt-e-um-produto-com-o-prazo-de-validade-vencido-diz-paulo-souto-em-jequie","status":"publish","type":"post","link":"https:\/\/www.blogdotarugao.com.br\/v1\/2014\/05\/10\/pt-e-um-produto-com-o-prazo-de-validade-vencido-diz-paulo-souto-em-jequie\/","title":{"rendered":"\u2018PT \u00e9 um produto com o prazo de validade vencido\u2019, diz Paulo Souto em Jequi\u00e9"},"content":{"rendered":"<p><a href=\"http:\/\/www.jequiereporter.com.br\/blog\/wp-content\/uploads\/2014\/05\/Paulo-Souto.jpg?e2ac2d\"><img loading=\"lazy\" alt=\"Paulo Souto e Geddel Vieira Lima participaram de encontro regional em Jequi\u00e9\" src=\"http:\/\/www.jequiereporter.com.br\/blog\/wp-content\/uploads\/2014\/05\/Paulo-Souto.jpg?e2ac2d\" width=\"388\" height=\"296\" \/><\/a><\/p>\n<p>Os integrantes da chapa majorit\u00e1ria de oposi\u00e7\u00e3o, pr\u00e9-candidatos Paulo Souto (governo) e Geddel Vieira Lima (senado), participaram na manh\u00e3 deste s\u00e1bado (10\/5) no sal\u00e3o do Jequi\u00e9 T\u00eanis Clube-JTC, de encontro pol\u00edtico reunindo lideran\u00e7as locais e de v\u00e1rios munic\u00edpios da regi\u00e3o. O ex-governador Paulo Souto disse da sua satisfa\u00e7\u00e3o em estar retornando a Jequi\u00e9, \u201cmunic\u00edpio que esteve ao nosso lado mesmo nos momentos mais dif\u00edceis\u201d, tendo afirmado que est\u00e1 sendo acolhido calorosamente em todas as regi\u00f5es da Bahia, \u201co povo exigiu a nossa alian\u00e7a e n\u00e3o iria nos perdoar se n\u00e3o est\u00edvessemos juntos para um projeto mais importante que as nossas aspira\u00e7\u00f5es pessoais\u201d. Referindo-se ao Partido dos Trabalhadores-PT, que comanda o governo baiano nos \u00faltimos oito anos, Souto disse que, \u201c\u00e9 um produto com prazo de validade vencido para ser retirado da prateleira\u201d. Explicou a aus\u00eancia do prefeito de Salvador ACM Neto \u201cpor quest\u00f5es de agenda na Capital\u201d,\u00a0 mas,\u00a0 que ele vir\u00e1 na campanha, \u201cvamos dar uma nova perspectiva \u00e0\u00a0 Bahia. \u00c9 vis\u00edvel o\u00a0 desamor do governador com esta terra, n\u00e3o cumprindo os compromissos assumidos com o seu povo\u201d.<\/p>\n<p><a href=\"http:\/\/www.jequiereporter.com.br\/blog\/wp-content\/uploads\/2014\/05\/Paulo-Souto-2.jpg?e2ac2d\"><img loading=\"lazy\" alt=\"Sal\u00e3o do Jequi\u00e9 Tenis Clube esteve lotado de pessoas de v\u00e1rios munic\u00edpios\" src=\"http:\/\/www.jequiereporter.com.br\/blog\/wp-content\/uploads\/2014\/05\/Paulo-Souto-2.jpg?e2ac2d\" width=\"342\" height=\"235\" \/><\/a><\/p>\n<p>Estiveram presentes ao encontro pol\u00edtico do grupo de oposi\u00e7\u00e3o em Jequi\u00e9, os deputados\u00a0 Antonio Imbassahy, Jutahy Magalh\u00e3es, L\u00facio Vieira Lima, Leur Lomanto J\u00fanior, Sandro R\u00e9gis, Elmar Nascimento, Paulo Azi, Maur\u00edcio Trindade e\u00a0 Adolfo Viana, al\u00e9m dos candidatos a deputado Jos\u00e9 Carlos Aleluia e Roberto Pina, presidentes de partidos, prefeitos Deraldino Ara\u00fajo (Ipiau) e Wagner Novaes (Itiru\u00e7u), ex-prefeitos Gilson Fonseca (Itajib\u00e1), Olival Andrade (Itag\u00ed), Padre Jo\u00e3o Batista (Itag\u00ed), Jorge Fair (Ibirataia), Walter Sampaio (Jequi\u00e9), vereadores de Jequi\u00e9, Jo\u00e3o Cunha, Joaquim Caires e Neto da \u00c1gua J\u00e1, ex-vereadores e lideran\u00e7as pol\u00edticas de v\u00e1rios munic\u00edpios da\u00a0 regi\u00e3o<\/p>\n","protected":false},"excerpt":{"rendered":"<p>Os integrantes da chapa majorit\u00e1ria de oposi\u00e7\u00e3o, pr\u00e9-candidatos Paulo Souto (governo) e Geddel Vieira Lima (senado), participaram na manh\u00e3 deste s\u00e1bado (10\/5) no sal\u00e3o do Jequi\u00e9 T\u00eanis Clube-JTC, de encontro pol\u00edtico reunindo lideran\u00e7as locais e de v\u00e1rios munic\u00edpios da regi\u00e3o. O ex-governador Paulo Souto disse da sua satisfa\u00e7\u00e3o em estar retornando a Jequi\u00e9, \u201cmunic\u00edpio que [&hellip;]<\/p>\n","protected":false},"author":2,"featured_media":0,"comment_status":"open","ping_status":"open","sticky":false,"template":"","format":"standard","meta":{"_links_to":"","_links_to_target":""},"categories":[1,7],"tags":[],"_links":{"self":[{"href":"https:\/\/www.blogdotarugao.com.br\/v1\/wp-json\/wp\/v2\/posts\/8691"}],"collection":[{"href":"https:\/\/www.blogdotarugao.com.br\/v1\/wp-json\/wp\/v2\/posts"}],"about":[{"href":"https:\/\/www.blogdotarugao.com.br\/v1\/wp-json\/wp\/v2\/types\/post"}],"author":[{"embeddable":true,"href":"https:\/\/www.blogdotarugao.com.br\/v1\/wp-json\/wp\/v2\/users\/2"}],"replies":[{"embeddable":true,"href":"https:\/\/www.blogdotarugao.com.br\/v1\/wp-json\/wp\/v2\/comments?post=8691"}],"version-history":[{"count":1,"href":"https:\/\/www.blogdotarugao.com.br\/v1\/wp-json\/wp\/v2\/posts\/8691\/revisions"}],"predecessor-version":[{"id":8692,"href":"https:\/\/www.blogdotarugao.com.br\/v1\/wp-json\/wp\/v2\/posts\/8691\/revisions\/8692"}],"wp:attachment":[{"href":"https:\/\/www.blogdotarugao.com.br\/v1\/wp-json\/wp\/v2\/media?parent=8691"}],"wp:term":[{"taxonomy":"category","embeddable":true,"href":"https:\/\/www.blogdotarugao.com.br\/v1\/wp-json\/wp\/v2\/categories?post=8691"},{"taxonomy":"post_tag","embeddable":true,"href":"https:\/\/www.blogdotarugao.com.br\/v1\/wp-json\/wp\/v2\/tags?post=8691"}],"curies":[{"name":"wp","href":"https:\/\/api.w.org\/{rel}","templated":true}]}}