{"id":8807,"date":"2014-05-12T22:25:16","date_gmt":"2014-05-13T01:25:16","guid":{"rendered":"http:\/\/www.blogdotarugao.com.br\/v1\/?p=8807"},"modified":"2014-05-12T22:25:16","modified_gmt":"2014-05-13T01:25:16","slug":"aecio-paulo-souto-e-geddel-representam-o-novo-projeto-para-a-bahia","status":"publish","type":"post","link":"https:\/\/www.blogdotarugao.com.br\/v1\/2014\/05\/12\/aecio-paulo-souto-e-geddel-representam-o-novo-projeto-para-a-bahia\/","title":{"rendered":"A\u00e9cio: Paulo Souto e Geddel representam o novo projeto para a Bahia"},"content":{"rendered":"<p><em><strong>Ascom (DEM)<\/strong><\/em><\/p>\n<p><a href=\"http:\/\/static.blogdaresenhageral.com.br\/wp-content\/uploads\/2014\/05\/FEIRA-BB.jpg?c6e0ba\"><img loading=\"lazy\" alt=\"FEIRA BB\" src=\"http:\/\/static.blogdaresenhageral.com.br\/wp-content\/uploads\/2014\/05\/FEIRA-BB.jpg?c6e0ba\" width=\"448\" height=\"290\" \/><\/a><\/p>\n<p>\u201cA chapa dos pr\u00e9-candidatos Paulo Souto, ao governo, e Geddel Vieira Lima, ao senado, \u00e9 o resultado da alian\u00e7a pol\u00edtica mais bem constru\u00edda at\u00e9 agora no Brasil\u201d, afirmou o senador A\u00e9cio Neves ao desembarcar no aeroporto de Feira de Santana, no in\u00edcio da tarde desta segunda-feira (12).<\/p>\n<p>Para o pr\u00e9-candidato tucano \u00e0 Presid\u00eancia da Rep\u00fablica, Paulo Souto e Geddel representam um novo projeto pol\u00edtico em favor da Bahia, onde a efici\u00eancia e a \u00e9tica caminham juntas. \u201cPaulo Souto \u00e9 uma refer\u00eancia nacional na gest\u00e3o p\u00fablica e Geddel, um guerreiro. Por isso come\u00e7o essa caminhada com \u00eanfase na Bahia ao lado tamb\u00e9m de lideran\u00e7as como ACM Neto, Jos\u00e9 Ronaldo, Jutahy Jr., Aleluia, Jo\u00e3o Almeida, Imbassahy e tantos outros baianos\u201d.<\/p>\n","protected":false},"excerpt":{"rendered":"<p>Ascom (DEM) \u201cA chapa dos pr\u00e9-candidatos Paulo Souto, ao governo, e Geddel Vieira Lima, ao senado, \u00e9 o resultado da alian\u00e7a pol\u00edtica mais bem constru\u00edda at\u00e9 agora no Brasil\u201d, afirmou o senador A\u00e9cio Neves ao desembarcar no aeroporto de Feira de Santana, no in\u00edcio da tarde desta segunda-feira (12). Para o pr\u00e9-candidato tucano \u00e0 Presid\u00eancia [&hellip;]<\/p>\n","protected":false},"author":2,"featured_media":0,"comment_status":"open","ping_status":"open","sticky":false,"template":"","format":"standard","meta":{"_links_to":"","_links_to_target":""},"categories":[1,7],"tags":[],"_links":{"self":[{"href":"https:\/\/www.blogdotarugao.com.br\/v1\/wp-json\/wp\/v2\/posts\/8807"}],"collection":[{"href":"https:\/\/www.blogdotarugao.com.br\/v1\/wp-json\/wp\/v2\/posts"}],"about":[{"href":"https:\/\/www.blogdotarugao.com.br\/v1\/wp-json\/wp\/v2\/types\/post"}],"author":[{"embeddable":true,"href":"https:\/\/www.blogdotarugao.com.br\/v1\/wp-json\/wp\/v2\/users\/2"}],"replies":[{"embeddable":true,"href":"https:\/\/www.blogdotarugao.com.br\/v1\/wp-json\/wp\/v2\/comments?post=8807"}],"version-history":[{"count":1,"href":"https:\/\/www.blogdotarugao.com.br\/v1\/wp-json\/wp\/v2\/posts\/8807\/revisions"}],"predecessor-version":[{"id":8808,"href":"https:\/\/www.blogdotarugao.com.br\/v1\/wp-json\/wp\/v2\/posts\/8807\/revisions\/8808"}],"wp:attachment":[{"href":"https:\/\/www.blogdotarugao.com.br\/v1\/wp-json\/wp\/v2\/media?parent=8807"}],"wp:term":[{"taxonomy":"category","embeddable":true,"href":"https:\/\/www.blogdotarugao.com.br\/v1\/wp-json\/wp\/v2\/categories?post=8807"},{"taxonomy":"post_tag","embeddable":true,"href":"https:\/\/www.blogdotarugao.com.br\/v1\/wp-json\/wp\/v2\/tags?post=8807"}],"curies":[{"name":"wp","href":"https:\/\/api.w.org\/{rel}","templated":true}]}}