{"id":8844,"date":"2014-05-13T08:44:52","date_gmt":"2014-05-13T11:44:52","guid":{"rendered":"http:\/\/www.blogdotarugao.com.br\/v1\/?p=8844"},"modified":"2014-05-13T08:44:52","modified_gmt":"2014-05-13T11:44:52","slug":"um-partido-partido-pv-se-divide-entre-paulo-souto-e-lidice-da-mata","status":"publish","type":"post","link":"https:\/\/www.blogdotarugao.com.br\/v1\/2014\/05\/13\/um-partido-partido-pv-se-divide-entre-paulo-souto-e-lidice-da-mata\/","title":{"rendered":"Um partido partido: PV se divide entre Paulo Souto e L\u00eddice da Mata"},"content":{"rendered":"<p>Ao desembarcar na Bahia na pr\u00f3xima semana, o pr\u00e9-candidato \u00e0 presid\u00eancia pelo PV, vai encontrar um cen\u00e1rio confuso. Parte dos integrantes verdes quer apoiar a candidatura de Paulo Souto (DEM) ao governo do Estado. Outra quer L\u00eddice da Mata (PSB).<\/p>\n<p><img title=\"Divulga\u00e7\u00e3o\" alt=\"\" src=\"http:\/\/www.bocaonews.com.br\/ckfinder\/userfiles\/fotos_e_imagens\/alanlacerda.jpg\" \/><\/p>\n<p>Na sexta-feira (9), o presidente estadual da legenda, \u00a0prefeito de Lic\u00ednio de Almeida, Alan Lacerda, esteve em Salvador para participar como expositor do Semin\u00e1rio Pensar Bahia Sustent\u00e1vel: Educa\u00e7\u00e3o, promovido pelo PSB-REDE.<br \/>\nA partir do semin\u00e1rio \u2013 j\u00e1 houve o de sa\u00fade &#8211; s\u00e3o extra\u00eddos conte\u00fado que v\u00e3o compor o programa de governo de L\u00eddice. Mais sintom\u00e1tico imposs\u00edvel.<br \/>\nNa edi\u00e7\u00e3o desta ter\u00e7a-feira, Lacerda falou \u00e0 coluna Sat\u00e9lite, do Correio. O dirigente verde afirma que n\u00e3o houve at\u00e9 o momento, nenhuma delibera\u00e7\u00e3o, mas admite que h\u00e1 divis\u00e3o entre os que querem Souto e os que desejam apoiar L\u00eddice.<br \/>\nComo viu ruir uma alian\u00e7a poss\u00edvel com o PPS, j\u00e1 que Joceval Rodrigues declarou apoio a Paulo Souto, resta ao PSB lutar com unhas, dentes e otras cositas mas para tentar o casamento com o PV partido dentre os nanicos com mais capilaridade.<\/p>\n","protected":false},"excerpt":{"rendered":"<p>Ao desembarcar na Bahia na pr\u00f3xima semana, o pr\u00e9-candidato \u00e0 presid\u00eancia pelo PV, vai encontrar um cen\u00e1rio confuso. Parte dos integrantes verdes quer apoiar a candidatura de Paulo Souto (DEM) ao governo do Estado. Outra quer L\u00eddice da Mata (PSB). Na sexta-feira (9), o presidente estadual da legenda, \u00a0prefeito de Lic\u00ednio de Almeida, Alan Lacerda, [&hellip;]<\/p>\n","protected":false},"author":2,"featured_media":0,"comment_status":"open","ping_status":"open","sticky":false,"template":"","format":"standard","meta":{"_links_to":"","_links_to_target":""},"categories":[1,7],"tags":[],"_links":{"self":[{"href":"https:\/\/www.blogdotarugao.com.br\/v1\/wp-json\/wp\/v2\/posts\/8844"}],"collection":[{"href":"https:\/\/www.blogdotarugao.com.br\/v1\/wp-json\/wp\/v2\/posts"}],"about":[{"href":"https:\/\/www.blogdotarugao.com.br\/v1\/wp-json\/wp\/v2\/types\/post"}],"author":[{"embeddable":true,"href":"https:\/\/www.blogdotarugao.com.br\/v1\/wp-json\/wp\/v2\/users\/2"}],"replies":[{"embeddable":true,"href":"https:\/\/www.blogdotarugao.com.br\/v1\/wp-json\/wp\/v2\/comments?post=8844"}],"version-history":[{"count":1,"href":"https:\/\/www.blogdotarugao.com.br\/v1\/wp-json\/wp\/v2\/posts\/8844\/revisions"}],"predecessor-version":[{"id":8845,"href":"https:\/\/www.blogdotarugao.com.br\/v1\/wp-json\/wp\/v2\/posts\/8844\/revisions\/8845"}],"wp:attachment":[{"href":"https:\/\/www.blogdotarugao.com.br\/v1\/wp-json\/wp\/v2\/media?parent=8844"}],"wp:term":[{"taxonomy":"category","embeddable":true,"href":"https:\/\/www.blogdotarugao.com.br\/v1\/wp-json\/wp\/v2\/categories?post=8844"},{"taxonomy":"post_tag","embeddable":true,"href":"https:\/\/www.blogdotarugao.com.br\/v1\/wp-json\/wp\/v2\/tags?post=8844"}],"curies":[{"name":"wp","href":"https:\/\/api.w.org\/{rel}","templated":true}]}}