{"id":8863,"date":"2014-05-13T14:40:29","date_gmt":"2014-05-13T17:40:29","guid":{"rendered":"http:\/\/www.blogdotarugao.com.br\/v1\/?p=8863"},"modified":"2014-05-13T14:40:29","modified_gmt":"2014-05-13T17:40:29","slug":"dilma-vai-encontrar-clima-de-insatisfacao-em-cabrobo","status":"publish","type":"post","link":"https:\/\/www.blogdotarugao.com.br\/v1\/2014\/05\/13\/dilma-vai-encontrar-clima-de-insatisfacao-em-cabrobo\/","title":{"rendered":"Dilma vai encontrar clima de insatisfa\u00e7\u00e3o em Cabrob\u00f3"},"content":{"rendered":"<div>\n<div><img title=\"Dilma vai encontrar clima de insatisfa\u00e7\u00e3o em Cabrob\u00f3\" alt=\"Dilma vai encontrar clima de insatisfa\u00e7\u00e3o em Cabrob\u00f3\" src=\"http:\/\/www.bahianoticias.com.br\/fotos\/estadao_noticias\/35616\/xIMAGEM_NOTICIA_5.jpg.pagespeed.ic.lYoLl2pUXQ.jpg\" \/><\/p>\n<div>Ed Ferreira\/Estad\u00e3o Conte\u00fado<\/div>\n<\/div>\n<div><\/div>\n<\/div>\n<div>A presidente Dilma Rousseff desembarca na tarde desta ter\u00e7a-feira (13) em Cabrob\u00f3, no sert\u00e3o pernambucano, a 580 quil\u00f4metros do Recife, em meio a uma forte insatisfa\u00e7\u00e3o local em rela\u00e7\u00e3o ao governo federal. Frustrado na expectativa de ser um dos oradores no evento presidencial, o prefeito de oposi\u00e7\u00e3o Auric\u00e9lio Torres (PSB), foi informado que n\u00e3o haveria discursos na visita presidencial.\u00a0Ele iria aproveitar a oportunidade para fazer cobran\u00e7as de promessas n\u00e3o cumpridas e reivindicar compensa\u00e7\u00f5es para o munic\u00edpio &#8211; ponto de capta\u00e7\u00e3o do eixo norte das \u00e1guas do Rio S\u00e3o Francisco a serem levadas at\u00e9 o reservat\u00f3rio de Jati (CE). Torres pretende, agora, tentar entregar \u00e0 presidente um of\u00edcio com suas solicita\u00e7\u00f5es e cobran\u00e7as. &#8220;O cerimonial quer que eu entregue a um intermedi\u00e1rio&#8221;, afirmou, contrariado.\u00a0A primeira informa\u00e7\u00e3o divulgada pela imprensa sobre a agenda da presidente em Cabrob\u00f3 era de inaugura\u00e7\u00e3o de uma esta\u00e7\u00e3o elevat\u00f3ria. Depois foi definida como uma vistoria de obras. O hor\u00e1rio tamb\u00e9m sofreu mudan\u00e7as. Tanto que a agenda do governador de Pernambuco, Jo\u00e3o Lyra (PSB), divulgada no final da tarde desta segunda-feira (12), indicou sua presen\u00e7a \u00e0s 15h em Cabrob\u00f3. \u00c0 noite, o cerimonial da presid\u00eancia informou que ela estaria no munic\u00edpio \u00e0s 14h30.<\/div>\n","protected":false},"excerpt":{"rendered":"<p>Ed Ferreira\/Estad\u00e3o Conte\u00fado A presidente Dilma Rousseff desembarca na tarde desta ter\u00e7a-feira (13) em Cabrob\u00f3, no sert\u00e3o pernambucano, a 580 quil\u00f4metros do Recife, em meio a uma forte insatisfa\u00e7\u00e3o local em rela\u00e7\u00e3o ao governo federal. Frustrado na expectativa de ser um dos oradores no evento presidencial, o prefeito de oposi\u00e7\u00e3o Auric\u00e9lio Torres (PSB), foi informado [&hellip;]<\/p>\n","protected":false},"author":2,"featured_media":0,"comment_status":"open","ping_status":"open","sticky":false,"template":"","format":"standard","meta":{"_links_to":"","_links_to_target":""},"categories":[1,7],"tags":[],"_links":{"self":[{"href":"https:\/\/www.blogdotarugao.com.br\/v1\/wp-json\/wp\/v2\/posts\/8863"}],"collection":[{"href":"https:\/\/www.blogdotarugao.com.br\/v1\/wp-json\/wp\/v2\/posts"}],"about":[{"href":"https:\/\/www.blogdotarugao.com.br\/v1\/wp-json\/wp\/v2\/types\/post"}],"author":[{"embeddable":true,"href":"https:\/\/www.blogdotarugao.com.br\/v1\/wp-json\/wp\/v2\/users\/2"}],"replies":[{"embeddable":true,"href":"https:\/\/www.blogdotarugao.com.br\/v1\/wp-json\/wp\/v2\/comments?post=8863"}],"version-history":[{"count":1,"href":"https:\/\/www.blogdotarugao.com.br\/v1\/wp-json\/wp\/v2\/posts\/8863\/revisions"}],"predecessor-version":[{"id":8864,"href":"https:\/\/www.blogdotarugao.com.br\/v1\/wp-json\/wp\/v2\/posts\/8863\/revisions\/8864"}],"wp:attachment":[{"href":"https:\/\/www.blogdotarugao.com.br\/v1\/wp-json\/wp\/v2\/media?parent=8863"}],"wp:term":[{"taxonomy":"category","embeddable":true,"href":"https:\/\/www.blogdotarugao.com.br\/v1\/wp-json\/wp\/v2\/categories?post=8863"},{"taxonomy":"post_tag","embeddable":true,"href":"https:\/\/www.blogdotarugao.com.br\/v1\/wp-json\/wp\/v2\/tags?post=8863"}],"curies":[{"name":"wp","href":"https:\/\/api.w.org\/{rel}","templated":true}]}}