{"id":8894,"date":"2014-05-14T00:32:59","date_gmt":"2014-05-14T03:32:59","guid":{"rendered":"http:\/\/www.blogdotarugao.com.br\/v1\/?p=8894"},"modified":"2014-05-14T00:32:59","modified_gmt":"2014-05-14T03:32:59","slug":"demencia-pugilistica-esposa-de-maguila-diz-que-doenca-e-irreversivel","status":"publish","type":"post","link":"https:\/\/www.blogdotarugao.com.br\/v1\/2014\/05\/14\/demencia-pugilistica-esposa-de-maguila-diz-que-doenca-e-irreversivel\/","title":{"rendered":"Dem\u00eancia pugil\u00edstica: esposa de Maguila diz que doen\u00e7a \u00e9 irrevers\u00edvel"},"content":{"rendered":"<p>A mulher do ex-lutador Maguila, Irani Pinheiro, disse em entrevista a Luciana Gimenez, no Superpop, que ele s\u00f3 vai piorar por conta das doen\u00e7as que sofre &#8211; al\u00e9m do mal de Alzheimer, a dem\u00eancia pugil\u00edstica. &#8220;Voc\u00ea me falou que o m\u00e9dico te disse que essa doen\u00e7a \u00e9 progressiva, irrevers\u00edvel e&#8230;?&#8221; &#8220;Degenerativa&#8221;, completa Irani. &#8220;De fato ele vai piorar&#8221;, questiona a apresentadora. &#8220;Vai&#8221;, confirma a esposa. &#8220;N\u00e3o tem chance de melhorar?&#8221;. &#8220;O que a equipe m\u00e9dica, os estudos&#8230; N\u00e3o tem uma melhora&#8221;, diz Irani. Assista,\u00a0<a href=\"http:\/\/www.redetv.uol.com.br\/Video.aspx?39,9,402012,entretenimento,superpop,mulher-de-maguila-se-emociona-ao-falar-sobre-saude-do-marido\" target=\"_blank\">clicando aqui<\/a>, a entrevista completa.<br \/>\n<input type=\"image\" alt=\"\" src=\"http:\/\/bocaonews.com.br\/ckfinder\/userfiles\/files\/maguila.jpg\" \/><br \/>\nIrani conta como Maguila foi mostrando os primeiros sinais de que estava doente. &#8220;H\u00e1 5, 6 anos atr\u00e1s, ele come\u00e7ou a ter um comportamento de agressividade, nervosismo, n\u00e3o dormia. Ent\u00e3o, assim, comecei a perceber essa dificuldade&#8221;, conta Irani. &#8220;Ele \u00e9 muito calmo, come\u00e7ou&#8230; Opa, eu falei, tem alguma coisa errada&#8221;.<\/p>\n","protected":false},"excerpt":{"rendered":"<p>A mulher do ex-lutador Maguila, Irani Pinheiro, disse em entrevista a Luciana Gimenez, no Superpop, que ele s\u00f3 vai piorar por conta das doen\u00e7as que sofre &#8211; al\u00e9m do mal de Alzheimer, a dem\u00eancia pugil\u00edstica. &#8220;Voc\u00ea me falou que o m\u00e9dico te disse que essa doen\u00e7a \u00e9 progressiva, irrevers\u00edvel e&#8230;?&#8221; &#8220;Degenerativa&#8221;, completa Irani. &#8220;De fato [&hellip;]<\/p>\n","protected":false},"author":2,"featured_media":0,"comment_status":"open","ping_status":"open","sticky":false,"template":"","format":"standard","meta":{"_links_to":"","_links_to_target":""},"categories":[9,1,12],"tags":[],"_links":{"self":[{"href":"https:\/\/www.blogdotarugao.com.br\/v1\/wp-json\/wp\/v2\/posts\/8894"}],"collection":[{"href":"https:\/\/www.blogdotarugao.com.br\/v1\/wp-json\/wp\/v2\/posts"}],"about":[{"href":"https:\/\/www.blogdotarugao.com.br\/v1\/wp-json\/wp\/v2\/types\/post"}],"author":[{"embeddable":true,"href":"https:\/\/www.blogdotarugao.com.br\/v1\/wp-json\/wp\/v2\/users\/2"}],"replies":[{"embeddable":true,"href":"https:\/\/www.blogdotarugao.com.br\/v1\/wp-json\/wp\/v2\/comments?post=8894"}],"version-history":[{"count":2,"href":"https:\/\/www.blogdotarugao.com.br\/v1\/wp-json\/wp\/v2\/posts\/8894\/revisions"}],"predecessor-version":[{"id":8896,"href":"https:\/\/www.blogdotarugao.com.br\/v1\/wp-json\/wp\/v2\/posts\/8894\/revisions\/8896"}],"wp:attachment":[{"href":"https:\/\/www.blogdotarugao.com.br\/v1\/wp-json\/wp\/v2\/media?parent=8894"}],"wp:term":[{"taxonomy":"category","embeddable":true,"href":"https:\/\/www.blogdotarugao.com.br\/v1\/wp-json\/wp\/v2\/categories?post=8894"},{"taxonomy":"post_tag","embeddable":true,"href":"https:\/\/www.blogdotarugao.com.br\/v1\/wp-json\/wp\/v2\/tags?post=8894"}],"curies":[{"name":"wp","href":"https:\/\/api.w.org\/{rel}","templated":true}]}}