{"id":8927,"date":"2014-05-14T12:34:09","date_gmt":"2014-05-14T15:34:09","guid":{"rendered":"http:\/\/www.blogdotarugao.com.br\/v1\/?p=8927"},"modified":"2014-05-14T12:34:09","modified_gmt":"2014-05-14T15:34:09","slug":"otto-nega-preocupacao-mas-lamenta-saida-de-prefeito-da-base-aliada","status":"publish","type":"post","link":"https:\/\/www.blogdotarugao.com.br\/v1\/2014\/05\/14\/otto-nega-preocupacao-mas-lamenta-saida-de-prefeito-da-base-aliada\/","title":{"rendered":"Otto nega preocupa\u00e7\u00e3o, mas lamenta sa\u00edda de prefeito da base aliada"},"content":{"rendered":"<p><img title=\"Foto: Gilberto J\u00fanior \/\/ Boc\u00e3o News\" alt=\"\" src=\"http:\/\/www.bocaonews.com.br\/ckfinder\/userfiles\/fotos_e_imagens\/POLITICA\/BAHIA\/VICE-GOVERNADORES\/1552,vice-governador-otto-alencar-no-estudio-do-bocao-news-005.jpg\" \/><\/p>\n<p>O vice-governador e candidato ao Senador Otto Alencar (PSD) lamentou a sa\u00edda do prefeito de S\u00e3o Gon\u00e7alo dos Campos, Ant\u00f4nio Dessa tamb\u00e9m do PSD, da base aliada. Na condi\u00e7\u00e3o de presidente do partido na Bahia, Otto afirmou que o partido n\u00e3o ser\u00e1 \u201ccamisa de for\u00e7a\u201d para ningu\u00e9m.<\/p>\n<p>As\u00a0<a href=\"http:\/\/www.bocaonews.com.br\/noticias\/politica\/politica\/86668,prefeito-deixa-base-aliada-e-afirma-que-wagner-nao-cumpre-promessas.html\" target=\"_blank\">declara\u00e7\u00f5es do gestor municipal<\/a>\u00a0foram recebidas com surpresa pelo vice-governador. Otto revelou que esteve com Fur\u00e3o, como \u00e9 conhecido o prefeito, na \u00faltima segunda-feira (12), em Salvador, durante o evento no qual Rui Costa recebeu o apoio do PDT na disputa pelo governo do estado. Que foi marcado pela presen\u00e7a do ex-presidente Luiz In\u00e1cio Lula da Silva.<\/p>\n<p>\u201cConsidero ele (Fur\u00e3o) meu amigo pessoal. Estive em S\u00e3o Gon\u00e7alo para a inaugura\u00e7\u00e3o do hospital municipal, estive l\u00e1 em com\u00edcio durante a elei\u00e7\u00e3o de 2012 e n\u00e3o ouvi nenhuma reivindica\u00e7\u00e3o dele ontem por isso acho estranho. Mas a decis\u00e3o dele n\u00e3o vai mudar a minha postura com ele\u201d.<\/p>\n<p>Otto acredita que n\u00e3o foi ele o piv\u00f4 desta decis\u00e3o, mas n\u00e3o joga a responsabilidade para ningu\u00e9m. Segundo o vice-governador, sempre que foi procurado pelo prefeito atendeu aquilo que estava ao alcance dele.<\/p>\n<p>Candidato ao Senado, o vice-governador n\u00e3o falou sobre o assunto, contudo, nos bastidores da pol\u00edtica estadual corre a informa\u00e7\u00e3o de que muitas lideran\u00e7as da base aliada est\u00e3o conversando com o campo pol\u00edtico advers\u00e1rio.<\/p>\n<p>Ao que parece, embora n\u00e3o se comente publicamente, a debandada \u00e9 inevit\u00e1vel.<\/p>\n","protected":false},"excerpt":{"rendered":"<p>O vice-governador e candidato ao Senador Otto Alencar (PSD) lamentou a sa\u00edda do prefeito de S\u00e3o Gon\u00e7alo dos Campos, Ant\u00f4nio Dessa tamb\u00e9m do PSD, da base aliada. Na condi\u00e7\u00e3o de presidente do partido na Bahia, Otto afirmou que o partido n\u00e3o ser\u00e1 \u201ccamisa de for\u00e7a\u201d para ningu\u00e9m. As\u00a0declara\u00e7\u00f5es do gestor municipal\u00a0foram recebidas com surpresa pelo [&hellip;]<\/p>\n","protected":false},"author":2,"featured_media":0,"comment_status":"open","ping_status":"open","sticky":false,"template":"","format":"standard","meta":{"_links_to":"","_links_to_target":""},"categories":[1,7],"tags":[],"_links":{"self":[{"href":"https:\/\/www.blogdotarugao.com.br\/v1\/wp-json\/wp\/v2\/posts\/8927"}],"collection":[{"href":"https:\/\/www.blogdotarugao.com.br\/v1\/wp-json\/wp\/v2\/posts"}],"about":[{"href":"https:\/\/www.blogdotarugao.com.br\/v1\/wp-json\/wp\/v2\/types\/post"}],"author":[{"embeddable":true,"href":"https:\/\/www.blogdotarugao.com.br\/v1\/wp-json\/wp\/v2\/users\/2"}],"replies":[{"embeddable":true,"href":"https:\/\/www.blogdotarugao.com.br\/v1\/wp-json\/wp\/v2\/comments?post=8927"}],"version-history":[{"count":1,"href":"https:\/\/www.blogdotarugao.com.br\/v1\/wp-json\/wp\/v2\/posts\/8927\/revisions"}],"predecessor-version":[{"id":8928,"href":"https:\/\/www.blogdotarugao.com.br\/v1\/wp-json\/wp\/v2\/posts\/8927\/revisions\/8928"}],"wp:attachment":[{"href":"https:\/\/www.blogdotarugao.com.br\/v1\/wp-json\/wp\/v2\/media?parent=8927"}],"wp:term":[{"taxonomy":"category","embeddable":true,"href":"https:\/\/www.blogdotarugao.com.br\/v1\/wp-json\/wp\/v2\/categories?post=8927"},{"taxonomy":"post_tag","embeddable":true,"href":"https:\/\/www.blogdotarugao.com.br\/v1\/wp-json\/wp\/v2\/tags?post=8927"}],"curies":[{"name":"wp","href":"https:\/\/api.w.org\/{rel}","templated":true}]}}