{"id":8929,"date":"2014-05-14T12:38:36","date_gmt":"2014-05-14T15:38:36","guid":{"rendered":"http:\/\/www.blogdotarugao.com.br\/v1\/?p=8929"},"modified":"2014-05-14T12:38:36","modified_gmt":"2014-05-14T15:38:36","slug":"prefeito-deixa-base-aliada-e-afirma-que-wagner-nao-cumpre-promessas","status":"publish","type":"post","link":"https:\/\/www.blogdotarugao.com.br\/v1\/2014\/05\/14\/prefeito-deixa-base-aliada-e-afirma-que-wagner-nao-cumpre-promessas\/","title":{"rendered":"Prefeito deixa base aliada e afirma que Wagner n\u00e3o cumpre promessas"},"content":{"rendered":"<p><img loading=\"lazy\" alt=\"\" src=\"http:\/\/www.bocaonews.com.br\/ckfinder\/userfiles\/fotos_e_imagens\/POLITICA\/BAHIA\/INTERIOR\/antonio_dessa_prefeito_saogoncalo_carlosaugusto_jornalgrandebahia.jpg\" width=\"560\" height=\"356\" \/>O governador Jaques Wagner enaltece sem cerimonias as suas caracter\u00edsticas republicanas no atendimento aos prefeitos aliados ou advers\u00e1rios, contudo, a proximidade das elei\u00e7\u00f5es vai trazendo \u00e0 luz algumas suspeitas que transitavam nos bastidores da pol\u00edtica baiana: atende, \u00e9 educado, mas n\u00e3o resolve.<\/p>\n<p>Nesta ter\u00e7a-feira (13), o prefeito de S\u00e3o Gon\u00e7alo dos Campos, Ant\u00f4nio Dessa (PSD), conhecido como Fur\u00e3o, anunciou o rompimento com o projeto pol\u00edtico liderado pelo PT na Bahia. Ao ser questionado sobre as raz\u00f5es pelas quais estava deixando a base aliada, o gestor afirmou: olha, se eu fosse enumerar aqui passar\u00edamos a noite inteira no telefone.<\/p>\n<p>Sa\u00eddo do PMDB, Fur\u00e3o desembarcou no PSD a convite do vice-governador e candidato ao Senado Otto Alencar. Mesmo reconhecendo o tratamento dado pelo anfitri\u00e3o no projeto, Fur\u00e3o foi enf\u00e1tico: n\u00e3o posso prestar contas \u00e0 popula\u00e7\u00e3o com aten\u00e7\u00e3o do governador ou do vice-governador.<\/p>\n<p>As promessas n\u00e3o cumpridas, de acordo com prefeito, foram muitas. Citou tr\u00eas pavimenta\u00e7\u00f5es fundamentais para o munic\u00edpio localizado na regi\u00e3o de Feira de Santana e distante 108 km da capital. A primeira \u00e9 a da Avenida Arthur Magalh\u00e3es que tiraria o tr\u00e1fego pesado do centro da cidade.<\/p>\n<p>A segunda pavimenta\u00e7\u00e3o \u00e9 a de acesso \u00e0 cidade. A terceira, foi de uma via de aproximadamente um quilometro no distrito das Merc\u00eas, local onde residem cerca de quatro mil pessoas. Lamentou ainda o fato de ter constru\u00eddo um hospital municipal com custo de R$ 800 mil sem nenhum tipo da prometida ajuda do governo estadual.<\/p>\n<p>Ao romper com o projeto pol\u00edtico, Fur\u00e3o deixa claro que n\u00e3o apoiar\u00e1 a chapa majorit\u00e1ria liderada por Rui Costa (PT). No entanto, ainda n\u00e3o definiu o rumo. \u201cSe eu te disser que j\u00e1 conversei com algu\u00e9m estarei mentindo. Vou esperar algu\u00e9m me procurar para depois decidir\u201d. Mesmo n\u00e3o admitindo o caminho natural do atual prefeito de S\u00e3o Gon\u00e7alo \u00e9 a oposi\u00e7\u00e3o dada a sua antiga rela\u00e7\u00e3o com lideran\u00e7as peemedebistas.<\/p>\n<p>O prefeito n\u00e3o entrou no assunto, mas os boatos ganham for\u00e7a e tem mais gente saindo das asas governistas.<\/p>\n","protected":false},"excerpt":{"rendered":"<p>O governador Jaques Wagner enaltece sem cerimonias as suas caracter\u00edsticas republicanas no atendimento aos prefeitos aliados ou advers\u00e1rios, contudo, a proximidade das elei\u00e7\u00f5es vai trazendo \u00e0 luz algumas suspeitas que transitavam nos bastidores da pol\u00edtica baiana: atende, \u00e9 educado, mas n\u00e3o resolve. Nesta ter\u00e7a-feira (13), o prefeito de S\u00e3o Gon\u00e7alo dos Campos, Ant\u00f4nio Dessa (PSD), [&hellip;]<\/p>\n","protected":false},"author":2,"featured_media":0,"comment_status":"open","ping_status":"open","sticky":false,"template":"","format":"standard","meta":{"_links_to":"","_links_to_target":""},"categories":[1,7],"tags":[],"_links":{"self":[{"href":"https:\/\/www.blogdotarugao.com.br\/v1\/wp-json\/wp\/v2\/posts\/8929"}],"collection":[{"href":"https:\/\/www.blogdotarugao.com.br\/v1\/wp-json\/wp\/v2\/posts"}],"about":[{"href":"https:\/\/www.blogdotarugao.com.br\/v1\/wp-json\/wp\/v2\/types\/post"}],"author":[{"embeddable":true,"href":"https:\/\/www.blogdotarugao.com.br\/v1\/wp-json\/wp\/v2\/users\/2"}],"replies":[{"embeddable":true,"href":"https:\/\/www.blogdotarugao.com.br\/v1\/wp-json\/wp\/v2\/comments?post=8929"}],"version-history":[{"count":1,"href":"https:\/\/www.blogdotarugao.com.br\/v1\/wp-json\/wp\/v2\/posts\/8929\/revisions"}],"predecessor-version":[{"id":8930,"href":"https:\/\/www.blogdotarugao.com.br\/v1\/wp-json\/wp\/v2\/posts\/8929\/revisions\/8930"}],"wp:attachment":[{"href":"https:\/\/www.blogdotarugao.com.br\/v1\/wp-json\/wp\/v2\/media?parent=8929"}],"wp:term":[{"taxonomy":"category","embeddable":true,"href":"https:\/\/www.blogdotarugao.com.br\/v1\/wp-json\/wp\/v2\/categories?post=8929"},{"taxonomy":"post_tag","embeddable":true,"href":"https:\/\/www.blogdotarugao.com.br\/v1\/wp-json\/wp\/v2\/tags?post=8929"}],"curies":[{"name":"wp","href":"https:\/\/api.w.org\/{rel}","templated":true}]}}