{"id":8959,"date":"2014-05-14T20:52:25","date_gmt":"2014-05-14T23:52:25","guid":{"rendered":"http:\/\/www.blogdotarugao.com.br\/v1\/?p=8959"},"modified":"2014-05-14T20:52:25","modified_gmt":"2014-05-14T23:52:25","slug":"cpi-governista-convoca-dirigentes-da-petrobras-e-ja-blinda-lula","status":"publish","type":"post","link":"https:\/\/www.blogdotarugao.com.br\/v1\/2014\/05\/14\/cpi-governista-convoca-dirigentes-da-petrobras-e-ja-blinda-lula\/","title":{"rendered":"CPI governista convoca dirigentes da Petrobras e j\u00e1 blinda Lula"},"content":{"rendered":"<h2>Comiss\u00e3o chamou 35 autoridades e ex-dirigentes para serem ouvidos sobre irregularidades em contratos e obras e den\u00fancias de pagamento de propina<\/h2>\n<div>Laryssa Borges, de Bras\u00edlia<\/div>\n<div><img loading=\"lazy\" title=\"Senador Jos\u00e9 Pimentel (PT-CE) e Senador Vital do R\u00eago (PMDB-PB)\" alt=\"Senador Jos\u00e9 Pimentel (PT-CE) e Senador Vital do R\u00eago (PMDB-PB)\" src=\"http:\/\/veja2.abrilm.com.br\/assets\/images\/2014\/5\/221889\/montagem-brasil-senadores-jose-pimentel-vital-do-rego-20140514-001-size-598.jpg?1400081547\" width=\"478\" height=\"269\" data-original=\"http:\/\/veja2.abrilm.com.br\/assets\/images\/2014\/5\/221889\/montagem-brasil-senadores-jose-pimentel-vital-do-rego-20140514-001-size-598.jpg?1400081547\" \/>C\u00c3ES DE GUARDA \u2013 Jos\u00e9 Pimentel (PT-CE) e Vital do R\u00eago (PMDB-PB): escalados pelo governo para controlar a CPI da Petrobras\u00a0(Geraldo Magela\/Ag\u00eancia Senado)<\/p>\n<\/div>\n<p>Na primeira reuni\u00e3o de trabalho, a CPI da Petrobras no Senado aprovou\u00a0nesta quarta-feira pedidos para que sejam ouvidas 35 autoridades, entre elas a atual presidente da estatal, Gra\u00e7a Foster, o ex-presidente da empresa Jos\u00e9 Sergio Gabrielli e\u00a0o ex-diretor da \u00c1rea Internacional da companhia, Nestor Cerver\u00f3. Formada por ampla maioria governista, a comiss\u00e3o barrou a convoca\u00e7\u00e3o do ex-presidente Luiz In\u00e1cio Lula da Silva.\u00a0Os primeiros depoimentos come\u00e7ar\u00e3o\u00a0na pr\u00f3xima semana, quando ser\u00e3o ouvidos Gra\u00e7a Foster, na ter\u00e7a-feira, e Gabrielli, na quinta.<\/p>\n<p>O pedido para que Lula fosse ouvido foi feito pelo \u00fanico representante da oposi\u00e7\u00e3o na CPI, o senador Cyro Miranda (PSDB-GO). &#8220;O mandat\u00e1rio de tudo era o senhor Luiz In\u00e1cio Lula da Silva, que deveria saber de tudo o que estava acontecendo, por isso acho que o depoimento do ex-presidente \u00e9 muito importante&#8221;, disse o tucano.<\/p>\n<p>A &#8220;<strong><a href=\"http:\/\/veja.abril.com.br\/noticia\/brasil\/governo-emplaca-caes-de-guarda-no-comando-da-cpi\">tropa de choque<\/a><\/strong>&#8221; governista, por\u00e9m, reagiu.\u00a0Dois ex-ministros de Lula, os senadores Humberto Costa (PT-PE) e Jos\u00e9 Pimentel (PT-CE), relator da CPI, integram o colegiado.\u00a0\u201cConvocar o ex-presidente Lula n\u00e3o tem nenhuma rela\u00e7\u00e3o com o que estamos investigando\u201d, disse Pimentel. \u201cEm nenhum momento o nome do ex-presidente Lula foi citado como tendo rela\u00e7\u00e3o direta ou indireta com esses fatos [sobre a Petrobras]. N\u00e3o h\u00e1 qualquer conex\u00e3o em cham\u00e1-lo\u201d, completou Costa.<\/p>\n<p>Os governistas tamb\u00e9m aproveitaram sua maioria para abrir um foco de\u00a0investiga\u00e7\u00e3o sobre a refinaria\u00a0Abreu e Lima, no porto pernambucano de Suape, cuja investiga\u00e7\u00e3o pode atingir o ex-governador Eduardo Campos (PSB), futuro advers\u00e1rio de Dilma Rousseff nas elei\u00e7\u00f5es.\u00a0Em mais uma sinaliza\u00e7\u00e3o pol\u00edtica de que os trabalhos da CPI devem respingar nas candidaturas dos advers\u00e1rios de Lula em outubro, o relator Jos\u00e9 Pimentel listou, em seu plano de trabalho, investiga\u00e7\u00f5es sobre o naufr\u00e1gio da plataforma P-36, da Petrobras, em 2001, durante o\u00a0governo do tucano Fernando Henrique Cardoso. Foram aprovados, por exemplo, requerimentos para que documentos sobre o acidente sejam enviados \u00e0 CPI e para que seja ouvido diretor-geral da Ag\u00eancia Nacional do Petr\u00f3leo (ANP) na \u00e9poca, David Zylbersztajn.<\/p>\n<p><strong>Roteiro \u2013<\/strong>\u00a0Em uma tentativa de blindar investiga\u00e7\u00f5es mais profundas, o relator da CPI,\u00a0Jos\u00e9 Pimentel, apresentou previamente\u00a0uma lista de perguntas que quer ver respondida pelos futuros depoentes. Com isso, \u00e9 grande a possibilidade de constru\u00e7\u00e3o de discursos casados para defender a Petrobras e minimizar evid\u00eancias de m\u00e1 gest\u00e3o e corrup\u00e7\u00e3o na empresa.<\/p>\n<p>Dos treze titulares, apenas tr\u00eas cadeiras pertencem \u00e0 oposi\u00e7\u00e3o e, ainda assim, somente o tucano Cyro Miranda aceitou fazer parte da comiss\u00e3o por enquanto. L\u00facia V\u00e2nia (PSDB-GO) e Wilder Morais (DEM-GO) se recusaram a participar da CPI do Senado.<\/p>\n<p>Com apenas tr\u00eas das treze cadeiras na comiss\u00e3o do Senado, a\u00a0oposi\u00e7\u00e3o ainda tenta emplacar\u00a0uma CPI mista, com deputados e senadores, tamb\u00e9m destinada a apurar irregularidades na estatal petroleira. A avalia\u00e7\u00e3o \u00e9 que, como na C\u00e2mara\u00a0a base da presidente Dilma Rousseff \u00e9 mais inst\u00e1vel, o governo teria mais dificuldade em tutelar a comiss\u00e3o.\u00a0PSDB e DEM chegaram a se recusar\u00a0a indicar membros para a CPI do Senado, o que levou o presidente da Casa, Renan Calheiros (PMDB-AL), a escolher pessoalmente\u00a0ontem os representantes da oposi\u00e7\u00e3o.<\/p>\n<p>Ao longo de 180 dias, caber\u00e1 \u00e0 CPI apurar irregularidades envolvendo a Petrobras ocorridas entre 2005 e 2014,\u00a0a compra da refinaria de Pasadena, no Texas, al\u00e9m de suspeitas de lan\u00e7amento de plataformas inacabadas, pagamento de propina a funcion\u00e1rios da petrol\u00edfera e ind\u00edcios de superfaturamento em obras.<\/p>\n<p>Al\u00e9m das oitivas de autoridades, a CPI aprovou nesta quarta pedidos de c\u00f3pias de documentos sobre transa\u00e7\u00f5es da Petrobras envolvendo a\u00a0refinaria\u00a0de Pasadena, nos Estados Unidos, e\u00a0o\u00a0compartilhamento de informa\u00e7\u00f5es em poder do Tribunal de Contas da Uni\u00e3o (TCU) e da Controladoria Geral da Uni\u00e3o (CGU), al\u00e9m de dilig\u00eancias para visitas a plataformas da Petrobras e a refinarias administradas pela estatal.<\/p>\n","protected":false},"excerpt":{"rendered":"<p>Comiss\u00e3o chamou 35 autoridades e ex-dirigentes para serem ouvidos sobre irregularidades em contratos e obras e den\u00fancias de pagamento de propina Laryssa Borges, de Bras\u00edlia C\u00c3ES DE GUARDA \u2013 Jos\u00e9 Pimentel (PT-CE) e Vital do R\u00eago (PMDB-PB): escalados pelo governo para controlar a CPI da Petrobras\u00a0(Geraldo Magela\/Ag\u00eancia Senado) Na primeira reuni\u00e3o de trabalho, a CPI [&hellip;]<\/p>\n","protected":false},"author":2,"featured_media":0,"comment_status":"open","ping_status":"open","sticky":false,"template":"","format":"standard","meta":{"_links_to":"","_links_to_target":""},"categories":[1,7],"tags":[],"_links":{"self":[{"href":"https:\/\/www.blogdotarugao.com.br\/v1\/wp-json\/wp\/v2\/posts\/8959"}],"collection":[{"href":"https:\/\/www.blogdotarugao.com.br\/v1\/wp-json\/wp\/v2\/posts"}],"about":[{"href":"https:\/\/www.blogdotarugao.com.br\/v1\/wp-json\/wp\/v2\/types\/post"}],"author":[{"embeddable":true,"href":"https:\/\/www.blogdotarugao.com.br\/v1\/wp-json\/wp\/v2\/users\/2"}],"replies":[{"embeddable":true,"href":"https:\/\/www.blogdotarugao.com.br\/v1\/wp-json\/wp\/v2\/comments?post=8959"}],"version-history":[{"count":2,"href":"https:\/\/www.blogdotarugao.com.br\/v1\/wp-json\/wp\/v2\/posts\/8959\/revisions"}],"predecessor-version":[{"id":8961,"href":"https:\/\/www.blogdotarugao.com.br\/v1\/wp-json\/wp\/v2\/posts\/8959\/revisions\/8961"}],"wp:attachment":[{"href":"https:\/\/www.blogdotarugao.com.br\/v1\/wp-json\/wp\/v2\/media?parent=8959"}],"wp:term":[{"taxonomy":"category","embeddable":true,"href":"https:\/\/www.blogdotarugao.com.br\/v1\/wp-json\/wp\/v2\/categories?post=8959"},{"taxonomy":"post_tag","embeddable":true,"href":"https:\/\/www.blogdotarugao.com.br\/v1\/wp-json\/wp\/v2\/tags?post=8959"}],"curies":[{"name":"wp","href":"https:\/\/api.w.org\/{rel}","templated":true}]}}