{"id":899,"date":"2013-11-29T21:57:53","date_gmt":"2013-11-30T00:57:53","guid":{"rendered":"http:\/\/www.blogdotarugao.com.br\/v1\/?p=899"},"modified":"2013-11-29T21:57:53","modified_gmt":"2013-11-30T00:57:53","slug":"presos-do-mensalao-recebem-visitas-fora-do-horario-mesmo-apos-determinacao-da-justica","status":"publish","type":"post","link":"https:\/\/www.blogdotarugao.com.br\/v1\/2013\/11\/29\/presos-do-mensalao-recebem-visitas-fora-do-horario-mesmo-apos-determinacao-da-justica\/","title":{"rendered":"Presos do mensal\u00e3o recebem visitas fora do hor\u00e1rio mesmo ap\u00f3s determina\u00e7\u00e3o da Justi\u00e7a"},"content":{"rendered":"<div>\n<div><img alt=\"Presos do mensal\u00e3o recebem visitas fora do hor\u00e1rio mesmo ap\u00f3s determina\u00e7\u00e3o da Justi\u00e7a\" src=\"http:\/\/www.bahianoticias.com.br\/fotos\/justica_noticias\/47504\/xIMAGEM_NOTICIA_5.jpg.pagespeed.ic.iybY7JPRjw.jpg\" \/><\/p>\n<h5>Foto: Marcello Casal Jr \/ Ag\u00eancia Brasil \/ CP<\/h5>\n<\/div>\n<\/div>\n<div>\n<div id=\"cke_pastebin\">Mesmo ap\u00f3s a Justi\u00e7a do DF determinar \u201ctratamento igualit\u00e1rio\u201d a todos os presos na Penitenci\u00e1ria da Papuda, condenados do mensal\u00e3o continuam a receber visitas fora dos dias e hor\u00e1rios previstos. Segundo um agente penitenci\u00e1rio que trabalha na guarita, familiares do ex-ministro da Casa Civil Jos\u00e9 Dirceu e do ex-tesoureiro do extinto PL (Partido Liberal) Jacinto Lamas conseguiram entrar no complexo penitenci\u00e1rio, nesta sexta-feira (29).<\/div>\n<div><\/div>\n<div><\/div>\n<div><\/div>\n<div>A pedido do Minist\u00e9rio P\u00fablico, a Vara de Execu\u00e7\u00f5es Penais mandou, nesta quinta (28), dar tratamento igual para visitas e alimenta\u00e7\u00e3o. \u00c0 TV Globo, o diretora da Papuda, Jo\u00e3o Feitosa, negou que houvesse tratamento especial e explicou que a decis\u00e3o de um dia de visitas diferente para os r\u00e9us da AP 470 foi tomada por quest\u00f5es de seguran\u00e7a. Ao G1, o MP informou que a recomenda\u00e7\u00e3o foi dada e que, at\u00e9 ent\u00e3o, n\u00e3o tomar\u00e1 novas medidas.<\/div>\n<\/div>\n","protected":false},"excerpt":{"rendered":"<p>Foto: Marcello Casal Jr \/ Ag\u00eancia Brasil \/ CP Mesmo ap\u00f3s a Justi\u00e7a do DF determinar \u201ctratamento igualit\u00e1rio\u201d a todos os presos na Penitenci\u00e1ria da Papuda, condenados do mensal\u00e3o continuam a receber visitas fora dos dias e hor\u00e1rios previstos. Segundo um agente penitenci\u00e1rio que trabalha na guarita, familiares do ex-ministro da Casa Civil Jos\u00e9 Dirceu [&hellip;]<\/p>\n","protected":false},"author":2,"featured_media":0,"comment_status":"open","ping_status":"open","sticky":false,"template":"","format":"standard","meta":{"_links_to":"","_links_to_target":""},"categories":[8],"tags":[],"_links":{"self":[{"href":"https:\/\/www.blogdotarugao.com.br\/v1\/wp-json\/wp\/v2\/posts\/899"}],"collection":[{"href":"https:\/\/www.blogdotarugao.com.br\/v1\/wp-json\/wp\/v2\/posts"}],"about":[{"href":"https:\/\/www.blogdotarugao.com.br\/v1\/wp-json\/wp\/v2\/types\/post"}],"author":[{"embeddable":true,"href":"https:\/\/www.blogdotarugao.com.br\/v1\/wp-json\/wp\/v2\/users\/2"}],"replies":[{"embeddable":true,"href":"https:\/\/www.blogdotarugao.com.br\/v1\/wp-json\/wp\/v2\/comments?post=899"}],"version-history":[{"count":1,"href":"https:\/\/www.blogdotarugao.com.br\/v1\/wp-json\/wp\/v2\/posts\/899\/revisions"}],"predecessor-version":[{"id":900,"href":"https:\/\/www.blogdotarugao.com.br\/v1\/wp-json\/wp\/v2\/posts\/899\/revisions\/900"}],"wp:attachment":[{"href":"https:\/\/www.blogdotarugao.com.br\/v1\/wp-json\/wp\/v2\/media?parent=899"}],"wp:term":[{"taxonomy":"category","embeddable":true,"href":"https:\/\/www.blogdotarugao.com.br\/v1\/wp-json\/wp\/v2\/categories?post=899"},{"taxonomy":"post_tag","embeddable":true,"href":"https:\/\/www.blogdotarugao.com.br\/v1\/wp-json\/wp\/v2\/tags?post=899"}],"curies":[{"name":"wp","href":"https:\/\/api.w.org\/{rel}","templated":true}]}}