{"id":9039,"date":"2014-05-16T09:38:33","date_gmt":"2014-05-16T12:38:33","guid":{"rendered":"http:\/\/www.blogdotarugao.com.br\/v1\/?p=9039"},"modified":"2014-05-16T09:12:27","modified_gmt":"2014-05-16T12:12:27","slug":"itapetinga-recebe-paulo-souto-geddel-e-acm-neto-nesta-6a-feira","status":"publish","type":"post","link":"https:\/\/www.blogdotarugao.com.br\/v1\/2014\/05\/16\/itapetinga-recebe-paulo-souto-geddel-e-acm-neto-nesta-6a-feira\/","title":{"rendered":"Itapetinga recebe Paulo Souto, Geddel e ACM Neto nesta 6\u00aa feira"},"content":{"rendered":"<p><a href=\"http:\/\/www.blogdodigadiga.com.br\/v1\/wp-content\/uploads\/2014\/04\/10310667_304239239726576_7688202318912802332_n.jpg\" class=\"gallery_colorbox\" data-slb-group=\"13392\" data-slb-active=\"1\" data-slb-internal=\"0\"><img loading=\"lazy\" alt=\"Foto: Blog do Diga Diga\" src=\"http:\/\/www.blogdodigadiga.com.br\/v1\/wp-content\/uploads\/2014\/04\/10310667_304239239726576_7688202318912802332_n.jpg\"  width=\"449\" height=\"299\" \/><\/a><\/p>\n<p>Foto: Blog do Diga Diga<\/p>\n<p>Nesta 6\u00aa feira (16), os pr\u00e9-candidatos Paulo Souto, Joaci G\u00f3es, Geddel Vieira Lima, \u00a0Governo da Bahia, vice e Senado da Rep\u00fablica respectivamente, \u00a0estar\u00e3o na cidade de Itapetinga para um encontro marcado para \u00e0s 16 horas na C\u00e2mara de Vereadores. A chegada no aeroporto local est\u00e1 prevista para \u00e0s 15 horas. A exemplo dos encontros recentes em Jequi\u00e9 e Itabuna a pontualidade tem sido a marca dessa visitas \u00e0s cidades do interior.<\/p>\n<p>O prefeito de Salvador confirmou presen\u00e7a, ele que assumiu compromisso de viajar com os pr\u00e9-candidatos que contam com o seu total apoio. Ap\u00f3s a reuni\u00e3o, os membros que comp\u00f5em a chapa majorit\u00e1ria, visitar\u00e3o as depend\u00eancias do Parque na 43\u00aa Exposi\u00e7\u00e3o Agropecu\u00e1ria que foi iniciada ontem e vai at\u00e9 o pr\u00f3ximo domingo (18).<\/p>\n<p>O encontro conta com total apoio dos ex-prefeitos Michel Hagge (PMDB) e Jos\u00e9 Ot\u00e1vio (DEM), \u00a0agora unidos em defesa de Itapetinga. Os dois selaram pacto de unidade o que alegrou a popula\u00e7\u00e3o do munic\u00edpio com registro de \u00a0grande repercuss\u00e3o em toda regi\u00e3o. O rompimento j\u00e1 durava quase 30 anos. Com informa\u00e7\u00f5es do Blog da Resenha Geral.<\/p>\n","protected":false},"excerpt":{"rendered":"<p>Foto: Blog do Diga Diga Nesta 6\u00aa feira (16), os pr\u00e9-candidatos Paulo Souto, Joaci G\u00f3es, Geddel Vieira Lima, \u00a0Governo da Bahia, vice e Senado da Rep\u00fablica respectivamente, \u00a0estar\u00e3o na cidade de Itapetinga para um encontro marcado para \u00e0s 16 horas na C\u00e2mara de Vereadores. A chegada no aeroporto local est\u00e1 prevista para \u00e0s 15 horas. [&hellip;]<\/p>\n","protected":false},"author":2,"featured_media":0,"comment_status":"open","ping_status":"open","sticky":false,"template":"","format":"standard","meta":{"_links_to":"","_links_to_target":""},"categories":[1,7],"tags":[],"_links":{"self":[{"href":"https:\/\/www.blogdotarugao.com.br\/v1\/wp-json\/wp\/v2\/posts\/9039"}],"collection":[{"href":"https:\/\/www.blogdotarugao.com.br\/v1\/wp-json\/wp\/v2\/posts"}],"about":[{"href":"https:\/\/www.blogdotarugao.com.br\/v1\/wp-json\/wp\/v2\/types\/post"}],"author":[{"embeddable":true,"href":"https:\/\/www.blogdotarugao.com.br\/v1\/wp-json\/wp\/v2\/users\/2"}],"replies":[{"embeddable":true,"href":"https:\/\/www.blogdotarugao.com.br\/v1\/wp-json\/wp\/v2\/comments?post=9039"}],"version-history":[{"count":1,"href":"https:\/\/www.blogdotarugao.com.br\/v1\/wp-json\/wp\/v2\/posts\/9039\/revisions"}],"predecessor-version":[{"id":9040,"href":"https:\/\/www.blogdotarugao.com.br\/v1\/wp-json\/wp\/v2\/posts\/9039\/revisions\/9040"}],"wp:attachment":[{"href":"https:\/\/www.blogdotarugao.com.br\/v1\/wp-json\/wp\/v2\/media?parent=9039"}],"wp:term":[{"taxonomy":"category","embeddable":true,"href":"https:\/\/www.blogdotarugao.com.br\/v1\/wp-json\/wp\/v2\/categories?post=9039"},{"taxonomy":"post_tag","embeddable":true,"href":"https:\/\/www.blogdotarugao.com.br\/v1\/wp-json\/wp\/v2\/tags?post=9039"}],"curies":[{"name":"wp","href":"https:\/\/api.w.org\/{rel}","templated":true}]}}