{"id":9097,"date":"2014-05-17T09:50:28","date_gmt":"2014-05-17T12:50:28","guid":{"rendered":"http:\/\/www.blogdotarugao.com.br\/v1\/?p=9097"},"modified":"2014-05-17T09:50:28","modified_gmt":"2014-05-17T12:50:28","slug":"blatter-culpa-lula-pelo-clima-de-insatisfacao-com-a-copa-do-mundo-no-brasil","status":"publish","type":"post","link":"https:\/\/www.blogdotarugao.com.br\/v1\/2014\/05\/17\/blatter-culpa-lula-pelo-clima-de-insatisfacao-com-a-copa-do-mundo-no-brasil\/","title":{"rendered":"Blatter culpa Lula pelo clima de insatisfa\u00e7\u00e3o com a Copa do Mundo no Brasil"},"content":{"rendered":"<div>\n<div><img title=\"Blatter culpa Lula pelo clima de insatisfa\u00e7\u00e3o com a Copa do Mundo no Brasil\" alt=\"Blatter culpa Lula pelo clima de insatisfa\u00e7\u00e3o com a Copa do Mundo no Brasil\" src=\"http:\/\/www.bahianoticias.com.br\/fotos\/esportes_noticias\/31744\/xIMAGEM_NOTICIA_5.jpg.pagespeed.ic.yJnvyk3fZz.jpg\" \/><\/p>\n<div>Foto: Divulga\u00e7\u00e3o<\/div>\n<\/div>\n<div><\/div>\n<\/div>\n<div>O presidente da Fifa, Joseph Blatter, se pronunciou sobre o clima de insatisfa\u00e7\u00e3o com a Copa do Mundo que o Brasil enfrenta \u00e0s v\u00e9speras da realiza\u00e7\u00e3o do evento. De acordo com ele, a responsabilidade sobre a situa\u00e7\u00e3o \u00e9 do governo brasileiro, especificamente do ex-presidente Lu\u00eds In\u00e1cio Lula da Silva. \u201cOs brasileiros est\u00e3o um pouco infelizes porque um grande neg\u00f3cio foi prometido a eles. O Brasil \u00e9 a sexta maior economia do mundo e, quando o Sr. Lula foi eleito presidente, ele prometeu melhorar o pa\u00eds. Mas, para melhor\u00e1-lo, requer a vontade das pessoas para o trabalho. A sociedade se dividiu\u201d, disse o mandat\u00e1rio da entidade, em entrevista \u00e0 rede RTS. Ainda assim, ele \u00e9 otimista e acredita que os brasileiros ir\u00e3o apoiar o Mundial ap\u00f3s a abertura, no dia 12 de junho. \u00a0\u201cA partir do momento que o primeiro chute ser\u00e1 dado, estou certo de que o Brasil vai ter um ambiente de<\/div>\n","protected":false},"excerpt":{"rendered":"<p>Foto: Divulga\u00e7\u00e3o O presidente da Fifa, Joseph Blatter, se pronunciou sobre o clima de insatisfa\u00e7\u00e3o com a Copa do Mundo que o Brasil enfrenta \u00e0s v\u00e9speras da realiza\u00e7\u00e3o do evento. De acordo com ele, a responsabilidade sobre a situa\u00e7\u00e3o \u00e9 do governo brasileiro, especificamente do ex-presidente Lu\u00eds In\u00e1cio Lula da Silva. \u201cOs brasileiros est\u00e3o um [&hellip;]<\/p>\n","protected":false},"author":2,"featured_media":0,"comment_status":"open","ping_status":"open","sticky":false,"template":"","format":"standard","meta":{"_links_to":"","_links_to_target":""},"categories":[9,1,7],"tags":[],"_links":{"self":[{"href":"https:\/\/www.blogdotarugao.com.br\/v1\/wp-json\/wp\/v2\/posts\/9097"}],"collection":[{"href":"https:\/\/www.blogdotarugao.com.br\/v1\/wp-json\/wp\/v2\/posts"}],"about":[{"href":"https:\/\/www.blogdotarugao.com.br\/v1\/wp-json\/wp\/v2\/types\/post"}],"author":[{"embeddable":true,"href":"https:\/\/www.blogdotarugao.com.br\/v1\/wp-json\/wp\/v2\/users\/2"}],"replies":[{"embeddable":true,"href":"https:\/\/www.blogdotarugao.com.br\/v1\/wp-json\/wp\/v2\/comments?post=9097"}],"version-history":[{"count":1,"href":"https:\/\/www.blogdotarugao.com.br\/v1\/wp-json\/wp\/v2\/posts\/9097\/revisions"}],"predecessor-version":[{"id":9098,"href":"https:\/\/www.blogdotarugao.com.br\/v1\/wp-json\/wp\/v2\/posts\/9097\/revisions\/9098"}],"wp:attachment":[{"href":"https:\/\/www.blogdotarugao.com.br\/v1\/wp-json\/wp\/v2\/media?parent=9097"}],"wp:term":[{"taxonomy":"category","embeddable":true,"href":"https:\/\/www.blogdotarugao.com.br\/v1\/wp-json\/wp\/v2\/categories?post=9097"},{"taxonomy":"post_tag","embeddable":true,"href":"https:\/\/www.blogdotarugao.com.br\/v1\/wp-json\/wp\/v2\/tags?post=9097"}],"curies":[{"name":"wp","href":"https:\/\/api.w.org\/{rel}","templated":true}]}}