{"id":9099,"date":"2014-05-17T09:52:17","date_gmt":"2014-05-17T12:52:17","guid":{"rendered":"http:\/\/www.blogdotarugao.com.br\/v1\/?p=9099"},"modified":"2014-05-17T09:52:17","modified_gmt":"2014-05-17T12:52:17","slug":"deputado-do-dem-diz-que-governo-wagner-prepara-heranca-maldita","status":"publish","type":"post","link":"https:\/\/www.blogdotarugao.com.br\/v1\/2014\/05\/17\/deputado-do-dem-diz-que-governo-wagner-prepara-heranca-maldita\/","title":{"rendered":"Deputado do DEM diz que governo Wagner prepara &#8216;heran\u00e7a maldita&#8217;"},"content":{"rendered":"<div>\n<div><img title=\"Deputado do DEM diz que governo Wagner prepara 'heran\u00e7a maldita'\" alt=\"Deputado do DEM diz que governo Wagner prepara 'heran\u00e7a maldita'\" src=\"http:\/\/www.bahianoticias.com.br\/fotos\/principal_noticias\/154546\/xIMAGEM_NOTICIA_5.jpg.pagespeed.ic.9uBiSXT6dt.jpg\" \/><\/p>\n<div>Foto: Max Haack \/ Ag. Haack \/ Bahia Not\u00edcias<\/div>\n<\/div>\n<div><\/div>\n<\/div>\n<div><strong>O deputado estadual oposicionista Paulo Azi (DEM) afirmou que o governo Wagner deixar\u00e1 uma \u201cheran\u00e7a maldita\u201d para a pr\u00f3xima gest\u00e3o, ao comentar a<a href=\"http:\/\/www.bahianoticias.com.br\/noticia\/154530-ldo-preve-receita-com-r-1-1-bilhao-a-menos-do-que-em-2014.html\" target=\"_blank\">queda da receita<\/a>\u00a0prevista para o pr\u00f3ximo ano na Lei de Diretrizes Or\u00e7ament\u00e1rias, j\u00e1 enviada \u00e0 Assembleia Legislativa da Bahia. De acordo com a LDO, o pr\u00f3ximo chefe do Executivo ter\u00e1 que administrar o Estado em 2015 com R$ 35,7 bilh\u00f5es \u2013 R$ 1,1 bilh\u00e3o a menos do que os R$ 36,8 bilh\u00f5es dispon\u00edveis este ano, conforme reportagem do jornal A Tarde publicada nesta sexta-feira (16). \u201cJ\u00e1 est\u00e3o preparando a heran\u00e7a maldita\u201d, disse Azi, em seu Twitter, confiante de que a elei\u00e7\u00e3o de outubro ser\u00e1 vencida pelo seu correligion\u00e1rio Paulo Souto (DEM), ex-governador. Aliado do governo, o presidente da Assembleia, Marcelo Nilo (PDT), pediu \u201ccalma\u201d ao advers\u00e1rio. \u201cCalma, deputado. A elei\u00e7\u00e3o \u00e9 em outubro kkkkkk\u201d, escreveu o pedetista, tamb\u00e9m no microblog. A express\u00e3o \u201cheran\u00e7a maldita\u201d foi repetida ao longo dos \u00faltimos anos pelo PT, que sempre a utilizou para se referir ao governo Fernando Henrique Cardoso.<\/strong><\/div>\n","protected":false},"excerpt":{"rendered":"<p>Foto: Max Haack \/ Ag. Haack \/ Bahia Not\u00edcias O deputado estadual oposicionista Paulo Azi (DEM) afirmou que o governo Wagner deixar\u00e1 uma \u201cheran\u00e7a maldita\u201d para a pr\u00f3xima gest\u00e3o, ao comentar aqueda da receita\u00a0prevista para o pr\u00f3ximo ano na Lei de Diretrizes Or\u00e7ament\u00e1rias, j\u00e1 enviada \u00e0 Assembleia Legislativa da Bahia. De acordo com a LDO, [&hellip;]<\/p>\n","protected":false},"author":2,"featured_media":0,"comment_status":"open","ping_status":"open","sticky":false,"template":"","format":"standard","meta":{"_links_to":"","_links_to_target":""},"categories":[1,7],"tags":[],"_links":{"self":[{"href":"https:\/\/www.blogdotarugao.com.br\/v1\/wp-json\/wp\/v2\/posts\/9099"}],"collection":[{"href":"https:\/\/www.blogdotarugao.com.br\/v1\/wp-json\/wp\/v2\/posts"}],"about":[{"href":"https:\/\/www.blogdotarugao.com.br\/v1\/wp-json\/wp\/v2\/types\/post"}],"author":[{"embeddable":true,"href":"https:\/\/www.blogdotarugao.com.br\/v1\/wp-json\/wp\/v2\/users\/2"}],"replies":[{"embeddable":true,"href":"https:\/\/www.blogdotarugao.com.br\/v1\/wp-json\/wp\/v2\/comments?post=9099"}],"version-history":[{"count":1,"href":"https:\/\/www.blogdotarugao.com.br\/v1\/wp-json\/wp\/v2\/posts\/9099\/revisions"}],"predecessor-version":[{"id":9100,"href":"https:\/\/www.blogdotarugao.com.br\/v1\/wp-json\/wp\/v2\/posts\/9099\/revisions\/9100"}],"wp:attachment":[{"href":"https:\/\/www.blogdotarugao.com.br\/v1\/wp-json\/wp\/v2\/media?parent=9099"}],"wp:term":[{"taxonomy":"category","embeddable":true,"href":"https:\/\/www.blogdotarugao.com.br\/v1\/wp-json\/wp\/v2\/categories?post=9099"},{"taxonomy":"post_tag","embeddable":true,"href":"https:\/\/www.blogdotarugao.com.br\/v1\/wp-json\/wp\/v2\/tags?post=9099"}],"curies":[{"name":"wp","href":"https:\/\/api.w.org\/{rel}","templated":true}]}}