{"id":9103,"date":"2014-05-17T09:59:33","date_gmt":"2014-05-17T12:59:33","guid":{"rendered":"http:\/\/www.blogdotarugao.com.br\/v1\/?p=9103"},"modified":"2014-05-17T09:59:33","modified_gmt":"2014-05-17T12:59:33","slug":"tj-nega-efeito-suspensivo-contra-decisao-que-anulou-eleicao-da-camara","status":"publish","type":"post","link":"https:\/\/www.blogdotarugao.com.br\/v1\/2014\/05\/17\/tj-nega-efeito-suspensivo-contra-decisao-que-anulou-eleicao-da-camara\/","title":{"rendered":"TJ NEGA EFEITO SUSPENSIVO CONTRA DECIS\u00c3O QUE ANULOU ELEI\u00c7\u00c3O DA C\u00c2MARA"},"content":{"rendered":"<p><img alt=\"Mesa diretora da C\u00e2mara Municipal sofre mais uma derrota na Justi\u00e7a.\" src=\"http:\/\/www.sudoestehoje.com.br\/novoportal\/wp-content\/uploads\/2014\/05\/presidenta-500x334.jpg\" \/><\/p>\n<p><strong><em>Por Davi Ferraz<\/em><\/strong><\/p>\n<p>ITAPETINGA: Na tarde desta quinta-feira (15), a 5\u00aa C\u00e2mara C\u00edvel do Tribunal de Justi\u00e7a da Bahia negou o pedido de \u2018efeito suspensivo\u2019 da decis\u00e3o que cancelou a elei\u00e7\u00e3o da mesa diretora da C\u00e2mara Municipal de Itapetinga, prolatada pelo juiz da 1\u00aa Vara C\u00edvel da Comarca, em abril deste ano.<\/p>\n<p>O \u2018efeito suspensivo\u2019 foi requerido pela atual Mesa Diretora, atrav\u00e9s de um Agravo de Instrumento interposto no TJ \u2013 BA, mas a ju\u00edza relatora do processo em Salvador ratificou a decis\u00e3o do ju\u00edzo \u00a0<em>a quo<\/em>, sob a alega\u00e7\u00e3o de que a agravante\u00a0<em>\u201cn\u00e3o comprovou a relev\u00e2ncia do fundamento invocado que vislumbrem possibilidade de danos graves e de dif\u00edcil repara\u00e7\u00e3o\u201d.<\/em><\/p>\n<p>Assim, o TJ decidiu pelo indeferimento do pedido de \u2018efeito suspensivo\u2019 requerido pela agravante, a C\u00e2mara Municipal de Itapetinga, e manteve a decis\u00e3o do ju\u00edzo local. \u00a0Atuou como advogado dos vereadores de oposi\u00e7\u00e3o, o renomado jurista Tadeu Cincur\u00e1, de Vit\u00f3ria da Conquista, que tamb\u00e9m j\u00e1 havia atuado na CPI da Bernardo Vidal e no processo que bloqueou todos os bens do prefeito Z\u00e9 Carlos, Zen\u00f3bio Cerqueira e Israel Miranda.<\/p>\n<p>Confira a decis\u00e3o do TJ no link\u00a0<a href=\"http:\/\/www.sudoestehoje.com.br\/novoportal\/wp-content\/uploads\/2014\/05\/Decis%C3%A3o.pdf\">Decis\u00e3o<\/a><\/p>\n","protected":false},"excerpt":{"rendered":"<p>Por Davi Ferraz ITAPETINGA: Na tarde desta quinta-feira (15), a 5\u00aa C\u00e2mara C\u00edvel do Tribunal de Justi\u00e7a da Bahia negou o pedido de \u2018efeito suspensivo\u2019 da decis\u00e3o que cancelou a elei\u00e7\u00e3o da mesa diretora da C\u00e2mara Municipal de Itapetinga, prolatada pelo juiz da 1\u00aa Vara C\u00edvel da Comarca, em abril deste ano. O \u2018efeito suspensivo\u2019 [&hellip;]<\/p>\n","protected":false},"author":2,"featured_media":0,"comment_status":"open","ping_status":"open","sticky":false,"template":"","format":"standard","meta":{"_links_to":"","_links_to_target":""},"categories":[2,7],"tags":[],"_links":{"self":[{"href":"https:\/\/www.blogdotarugao.com.br\/v1\/wp-json\/wp\/v2\/posts\/9103"}],"collection":[{"href":"https:\/\/www.blogdotarugao.com.br\/v1\/wp-json\/wp\/v2\/posts"}],"about":[{"href":"https:\/\/www.blogdotarugao.com.br\/v1\/wp-json\/wp\/v2\/types\/post"}],"author":[{"embeddable":true,"href":"https:\/\/www.blogdotarugao.com.br\/v1\/wp-json\/wp\/v2\/users\/2"}],"replies":[{"embeddable":true,"href":"https:\/\/www.blogdotarugao.com.br\/v1\/wp-json\/wp\/v2\/comments?post=9103"}],"version-history":[{"count":1,"href":"https:\/\/www.blogdotarugao.com.br\/v1\/wp-json\/wp\/v2\/posts\/9103\/revisions"}],"predecessor-version":[{"id":9104,"href":"https:\/\/www.blogdotarugao.com.br\/v1\/wp-json\/wp\/v2\/posts\/9103\/revisions\/9104"}],"wp:attachment":[{"href":"https:\/\/www.blogdotarugao.com.br\/v1\/wp-json\/wp\/v2\/media?parent=9103"}],"wp:term":[{"taxonomy":"category","embeddable":true,"href":"https:\/\/www.blogdotarugao.com.br\/v1\/wp-json\/wp\/v2\/categories?post=9103"},{"taxonomy":"post_tag","embeddable":true,"href":"https:\/\/www.blogdotarugao.com.br\/v1\/wp-json\/wp\/v2\/tags?post=9103"}],"curies":[{"name":"wp","href":"https:\/\/api.w.org\/{rel}","templated":true}]}}