{"id":9242,"date":"2014-05-19T18:22:22","date_gmt":"2014-05-19T21:22:22","guid":{"rendered":"http:\/\/www.blogdotarugao.com.br\/v1\/?p=9242"},"modified":"2014-05-19T18:22:22","modified_gmt":"2014-05-19T21:22:22","slug":"aecio-diz-que-pode-convidar-meirelles-para-vaga-de-vice","status":"publish","type":"post","link":"https:\/\/www.blogdotarugao.com.br\/v1\/2014\/05\/19\/aecio-diz-que-pode-convidar-meirelles-para-vaga-de-vice\/","title":{"rendered":"A\u00e9cio diz que pode convidar Meirelles para vaga de vice"},"content":{"rendered":"<div>\n<div><img title=\"A\u00e9cio diz que pode convidar Meirelles para vaga de vice\" alt=\"A\u00e9cio diz que pode convidar Meirelles para vaga de vice\" src=\"http:\/\/www.bahianoticias.com.br\/fotos\/estadao_noticias\/36290\/xIMAGEM_NOTICIA_5.jpg.pagespeed.ic.kwXdAXrt0R.jpg\" \/><\/p>\n<div>Foto: Antonio Cruz\/ABr<\/div>\n<\/div>\n<div><\/div>\n<\/div>\n<div>O senador A\u00e9cio Neves (PSDB-MG) admitiu nessa segunda-feira (19) a possibilidade de &#8220;conversar&#8221; com o ex-presidente do Banco Central (BC), Henrique Meirelles (PSD), sobre a vaga de vice na chapa encabe\u00e7ada pelo tucano para a corrida presidencial. Mas, segundo A\u00e9cio, essa negocia\u00e7\u00e3o s\u00f3 ocorreria caso o partido de Meirelles deixe a base do governo federal e o prov\u00e1vel apoio \u00e0 reelei\u00e7\u00e3o da presidente Dilma Rousseff. O ex-presidente do BC \u00e9 cotado para disputar o Senado pela dire\u00e7\u00e3o da legenda.\u00a0&#8220;N\u00e3o dou sinais que depois n\u00e3o possam ser correspondidos. O Meirelles \u00e9 um nome extremamente qualificado, que o Brasil inteiro respeita, mas o que vejo hoje \u00e9 que seu partido tem um compromisso com a presidente da Rep\u00fablica. Se isso mudar, vamos conversar&#8221;, declarou.\u00a0<a href=\"http:\/\/www.bahianoticias.com.br\/noticia\/154649-serra-descarta-possibilidade-de-ser-candidato-a-vice-de-aecio.html\" target=\"_blank\"><strong>O ex-governador de S\u00e3o Paulo Jos\u00e9 Serra confirmou, por meio de seu Facebook, que n\u00e3o ser\u00e1 candidato a vice-presidente na chapa presidencial do PSDB<\/strong><\/a>.\u00a0A\u00e9cio esteve nesta segunda em evento para a confirma\u00e7\u00e3o oficial da chapa que disputar\u00e1 o governo de Minas que, al\u00e9m de Pimenta, ter\u00e1 o presidente da Assembleia Legislativa de Minas, deputado estadual Dinis Pinheiro (PP), como candidato a vice e o ex-governador e tamb\u00e9m tucano Antonio Anastasia concorrendo a uma vaga no Senado. Ap\u00f3s o evento, A\u00e9cio salientou tamb\u00e9m que vai &#8220;honrar&#8221; acordo com o PSB comandado pelo ex-governador Eduardo Campos (PE), que tamb\u00e9m participar\u00e1 da disputa presidencial em outubro. O tucano e o socialista firmaram uma esp\u00e9cie de &#8220;pacto de n\u00e3o agress\u00e3o&#8221; e de alian\u00e7a em seus respectivos estados, mas os integrantes do Rede Sustentabilidade que integram o PSB mineiro descartam o apoio a Pimenta da Veiga e o m\u00e9dico ambientalista Apolo Heringer pretende disputar a convec\u00e7\u00e3o socialista para ser o candidato do partido ao governo de Minas. &#8220;Temos que respeitar os outros candidatos. Eu n\u00e3o mudarei minha estrat\u00e9gia. Os entendimentos, os acordos que firmei, pelo menos da minha parte, ser\u00e3o honrados&#8221;, disse A\u00e9cio.<\/div>\n","protected":false},"excerpt":{"rendered":"<p>Foto: Antonio Cruz\/ABr O senador A\u00e9cio Neves (PSDB-MG) admitiu nessa segunda-feira (19) a possibilidade de &#8220;conversar&#8221; com o ex-presidente do Banco Central (BC), Henrique Meirelles (PSD), sobre a vaga de vice na chapa encabe\u00e7ada pelo tucano para a corrida presidencial. Mas, segundo A\u00e9cio, essa negocia\u00e7\u00e3o s\u00f3 ocorreria caso o partido de Meirelles deixe a base [&hellip;]<\/p>\n","protected":false},"author":2,"featured_media":0,"comment_status":"open","ping_status":"open","sticky":false,"template":"","format":"standard","meta":{"_links_to":"","_links_to_target":""},"categories":[1,7],"tags":[],"_links":{"self":[{"href":"https:\/\/www.blogdotarugao.com.br\/v1\/wp-json\/wp\/v2\/posts\/9242"}],"collection":[{"href":"https:\/\/www.blogdotarugao.com.br\/v1\/wp-json\/wp\/v2\/posts"}],"about":[{"href":"https:\/\/www.blogdotarugao.com.br\/v1\/wp-json\/wp\/v2\/types\/post"}],"author":[{"embeddable":true,"href":"https:\/\/www.blogdotarugao.com.br\/v1\/wp-json\/wp\/v2\/users\/2"}],"replies":[{"embeddable":true,"href":"https:\/\/www.blogdotarugao.com.br\/v1\/wp-json\/wp\/v2\/comments?post=9242"}],"version-history":[{"count":1,"href":"https:\/\/www.blogdotarugao.com.br\/v1\/wp-json\/wp\/v2\/posts\/9242\/revisions"}],"predecessor-version":[{"id":9243,"href":"https:\/\/www.blogdotarugao.com.br\/v1\/wp-json\/wp\/v2\/posts\/9242\/revisions\/9243"}],"wp:attachment":[{"href":"https:\/\/www.blogdotarugao.com.br\/v1\/wp-json\/wp\/v2\/media?parent=9242"}],"wp:term":[{"taxonomy":"category","embeddable":true,"href":"https:\/\/www.blogdotarugao.com.br\/v1\/wp-json\/wp\/v2\/categories?post=9242"},{"taxonomy":"post_tag","embeddable":true,"href":"https:\/\/www.blogdotarugao.com.br\/v1\/wp-json\/wp\/v2\/tags?post=9242"}],"curies":[{"name":"wp","href":"https:\/\/api.w.org\/{rel}","templated":true}]}}