{"id":9261,"date":"2014-05-19T23:47:41","date_gmt":"2014-05-20T02:47:41","guid":{"rendered":"http:\/\/www.blogdotarugao.com.br\/v1\/?p=9261"},"modified":"2014-05-19T23:47:41","modified_gmt":"2014-05-20T02:47:41","slug":"permanencia-de-temer-como-vice-de-dilma-sera-definida-em-convencao-do-pmdb","status":"publish","type":"post","link":"https:\/\/www.blogdotarugao.com.br\/v1\/2014\/05\/19\/permanencia-de-temer-como-vice-de-dilma-sera-definida-em-convencao-do-pmdb\/","title":{"rendered":"Perman\u00eancia de Temer como vice de Dilma ser\u00e1 definida em conven\u00e7\u00e3o do PMDB"},"content":{"rendered":"<div>\n<div><img title=\"Perman\u00eancia de Temer como vice de Dilma ser\u00e1 definida em conven\u00e7\u00e3o do PMDB\" alt=\"Perman\u00eancia de Temer como vice de Dilma ser\u00e1 definida em conven\u00e7\u00e3o do PMDB\" src=\"http:\/\/www.bahianoticias.com.br\/fotos\/principal_noticias\/154665\/xIMAGEM_NOTICIA_5.jpg.pagespeed.ic.zJ70wopxEC.jpg\" \/><\/p>\n<div>Foto: Estad\u00e3o Conte\u00fado<\/div>\n<\/div>\n<div><\/div>\n<\/div>\n<div>A decis\u00e3o sobre a perman\u00eancia do vice-presidente Michel Temer (PMDB) na chapa da presidente Dilma Rousseff \u00e0 reelei\u00e7\u00e3o ser\u00e1 tomada na conven\u00e7\u00e3o nacional da legenda, no dia 10 de junho. \u201c\u00c9 l\u00e1 que ser\u00e1 decidida a alian\u00e7a nacional, que eu penso que ser\u00e1 reproduzida. Vou fazer esfor\u00e7o extraordin\u00e1rio para que todos os estados apoiem a alian\u00e7a nacional, compreendendo as diverg\u00eancias regionais. \u00c0s vezes n\u00e3o tem o que fazer porque j\u00e1 h\u00e1 uma disputa regional\u201d, disse Temer, nesta segunda-feira (19), em entrevista ao jornal O Globo. Na Bahia, o peemedebista Geddel Vieira Lima comp\u00f5e a chapa das oposi\u00e7\u00f5es, como candidato ao Senado. Em palestra na Associa\u00e7\u00e3o Comercial de S\u00e3o Paulo (ACSP), Temer afirmou que defender\u00e1 a realiza\u00e7\u00e3o de um plebiscito para fazer a reforma pol\u00edtica. \u201cAcho que a maneira mais eficiente de se fazer uma reforma pol\u00edtica \u00e9 misturando a democracia direta com a indireta. Voc\u00ea teria 10, 12, 15 perguntas, como voto distrital ou n\u00e3o, financiamento p\u00fablico ou privado, coincid\u00eancia de datas. Depois, o Congresso consolidaria as propostas e formataria a reforma\u201d, sugere, ao afirmar que pretende tornar o tema uma bandeira para seu partido. O vice-presidente ainda apontou a prolifera\u00e7\u00e3o de partidos pol\u00edticos. \u201cO partido pol\u00edtico deveria representar uma parcela da sociedade. Ser\u00e1 que temos 32 correntes da opini\u00e3o p\u00fablica hoje? Quem examina os programas partid\u00e1rios v\u00ea que s\u00e3o muito parecidos. Os partidos, hoje, s\u00e3o apenas siglas partid\u00e1rias. Precisamos de uma reforma pol\u00edtica\u201d, concluiu.<\/div>\n","protected":false},"excerpt":{"rendered":"<p>Foto: Estad\u00e3o Conte\u00fado A decis\u00e3o sobre a perman\u00eancia do vice-presidente Michel Temer (PMDB) na chapa da presidente Dilma Rousseff \u00e0 reelei\u00e7\u00e3o ser\u00e1 tomada na conven\u00e7\u00e3o nacional da legenda, no dia 10 de junho. \u201c\u00c9 l\u00e1 que ser\u00e1 decidida a alian\u00e7a nacional, que eu penso que ser\u00e1 reproduzida. Vou fazer esfor\u00e7o extraordin\u00e1rio para que todos os [&hellip;]<\/p>\n","protected":false},"author":2,"featured_media":0,"comment_status":"open","ping_status":"open","sticky":false,"template":"","format":"standard","meta":{"_links_to":"","_links_to_target":""},"categories":[1,7],"tags":[],"_links":{"self":[{"href":"https:\/\/www.blogdotarugao.com.br\/v1\/wp-json\/wp\/v2\/posts\/9261"}],"collection":[{"href":"https:\/\/www.blogdotarugao.com.br\/v1\/wp-json\/wp\/v2\/posts"}],"about":[{"href":"https:\/\/www.blogdotarugao.com.br\/v1\/wp-json\/wp\/v2\/types\/post"}],"author":[{"embeddable":true,"href":"https:\/\/www.blogdotarugao.com.br\/v1\/wp-json\/wp\/v2\/users\/2"}],"replies":[{"embeddable":true,"href":"https:\/\/www.blogdotarugao.com.br\/v1\/wp-json\/wp\/v2\/comments?post=9261"}],"version-history":[{"count":1,"href":"https:\/\/www.blogdotarugao.com.br\/v1\/wp-json\/wp\/v2\/posts\/9261\/revisions"}],"predecessor-version":[{"id":9262,"href":"https:\/\/www.blogdotarugao.com.br\/v1\/wp-json\/wp\/v2\/posts\/9261\/revisions\/9262"}],"wp:attachment":[{"href":"https:\/\/www.blogdotarugao.com.br\/v1\/wp-json\/wp\/v2\/media?parent=9261"}],"wp:term":[{"taxonomy":"category","embeddable":true,"href":"https:\/\/www.blogdotarugao.com.br\/v1\/wp-json\/wp\/v2\/categories?post=9261"},{"taxonomy":"post_tag","embeddable":true,"href":"https:\/\/www.blogdotarugao.com.br\/v1\/wp-json\/wp\/v2\/tags?post=9261"}],"curies":[{"name":"wp","href":"https:\/\/api.w.org\/{rel}","templated":true}]}}