{"id":9275,"date":"2014-05-20T07:06:45","date_gmt":"2014-05-20T10:06:45","guid":{"rendered":"http:\/\/www.blogdotarugao.com.br\/v1\/?p=9275"},"modified":"2014-05-20T07:06:45","modified_gmt":"2014-05-20T10:06:45","slug":"minha-vida-acabou-diz-mae-de-dancarina-morta-apos-cirurgia-plastica","status":"publish","type":"post","link":"https:\/\/www.blogdotarugao.com.br\/v1\/2014\/05\/20\/minha-vida-acabou-diz-mae-de-dancarina-morta-apos-cirurgia-plastica\/","title":{"rendered":"&#8220;Minha vida acabou&#8221;, diz m\u00e3e de dan\u00e7arina morta ap\u00f3s cirurgia pl\u00e1stica"},"content":{"rendered":"<div id=\"cke_pastebin\">A m\u00e3e da dan\u00e7arina Mary Morena, que morreu na noite da \u00faltima sexta-feira ap\u00f3s se submeter a uma cirurgia de lipoaspira\u00e7\u00e3o e de troca de pr\u00f3tese nos seios, usou o Facebook para manifestar sua dor pela perda da filha: \u201cSenhor, te rogo miseric\u00f3rdia. Acalme a dor dentro de mim, me carregue no colo, pois est\u00e1 muito dif\u00edicil suportar. Minha vida acabou hoje. Acalme a dor dentro de mim, me carregue no colo, pois est\u00e1 muito dif\u00edcil suportar&#8221;, completou.\n<\/div>\n<div><img title=\"Foto: Reprodu\u00e7\u00e3o\" alt=\"\" src=\"http:\/\/bocaonews.com.br\/ckfinder\/userfiles\/fotos_e_imagens\/ENTRETENIMENTO\/jovem_dancarina_)fotoreproducao.jpg\" \/><\/div>\n<div id=\"cke_pastebin\"><\/div>\n<div id=\"cke_pastebin\">Em conversa com o jornal &#8216;Extra&#8217;, amigos da v\u00edtima informaram que ela teria sofrido uma parada cardiorrespirat\u00f3ria, por volta das 21h, e morreu no quarto da cl\u00ednica ap\u00f3s a realiza\u00e7\u00e3o dos procedimentos est\u00e9ticos.<\/div>\n<div id=\"cke_pastebin\"><\/div>\n<div id=\"cke_pastebin\">&#8220;Ela era vaidosa ao extremo. Se algo incomodasse, ela n\u00e3o media esfor\u00e7os para mudar. Nos \u00faltimos meses, ela parou de dan\u00e7ar por causa de dores no peito e queria muito trocar a pr\u00f3tese de 350 ml que tinha posto h\u00e1 um tempo. Era bem vis\u00edvel que uma ficou maior do que a outra e, por isso, ela estava juntando dinheiro para fazer esse pacote&#8221;, conta Josiely Abysoluta, l\u00edder do grupo As Absolutas do Funk, no qual Mary chegou a dan\u00e7ar.<\/div>\n<div id=\"cke_pastebin\"><\/div>\n<div id=\"cke_pastebin\">Fonte: Extra<\/div>\n","protected":false},"excerpt":{"rendered":"<p>A m\u00e3e da dan\u00e7arina Mary Morena, que morreu na noite da \u00faltima sexta-feira ap\u00f3s se submeter a uma cirurgia de lipoaspira\u00e7\u00e3o e de troca de pr\u00f3tese nos seios, usou o Facebook para manifestar sua dor pela perda da filha: \u201cSenhor, te rogo miseric\u00f3rdia. Acalme a dor dentro de mim, me carregue no colo, pois est\u00e1 [&hellip;]<\/p>\n","protected":false},"author":2,"featured_media":0,"comment_status":"open","ping_status":"open","sticky":false,"template":"","format":"standard","meta":{"_links_to":"","_links_to_target":""},"categories":[1,12],"tags":[],"_links":{"self":[{"href":"https:\/\/www.blogdotarugao.com.br\/v1\/wp-json\/wp\/v2\/posts\/9275"}],"collection":[{"href":"https:\/\/www.blogdotarugao.com.br\/v1\/wp-json\/wp\/v2\/posts"}],"about":[{"href":"https:\/\/www.blogdotarugao.com.br\/v1\/wp-json\/wp\/v2\/types\/post"}],"author":[{"embeddable":true,"href":"https:\/\/www.blogdotarugao.com.br\/v1\/wp-json\/wp\/v2\/users\/2"}],"replies":[{"embeddable":true,"href":"https:\/\/www.blogdotarugao.com.br\/v1\/wp-json\/wp\/v2\/comments?post=9275"}],"version-history":[{"count":1,"href":"https:\/\/www.blogdotarugao.com.br\/v1\/wp-json\/wp\/v2\/posts\/9275\/revisions"}],"predecessor-version":[{"id":9276,"href":"https:\/\/www.blogdotarugao.com.br\/v1\/wp-json\/wp\/v2\/posts\/9275\/revisions\/9276"}],"wp:attachment":[{"href":"https:\/\/www.blogdotarugao.com.br\/v1\/wp-json\/wp\/v2\/media?parent=9275"}],"wp:term":[{"taxonomy":"category","embeddable":true,"href":"https:\/\/www.blogdotarugao.com.br\/v1\/wp-json\/wp\/v2\/categories?post=9275"},{"taxonomy":"post_tag","embeddable":true,"href":"https:\/\/www.blogdotarugao.com.br\/v1\/wp-json\/wp\/v2\/tags?post=9275"}],"curies":[{"name":"wp","href":"https:\/\/api.w.org\/{rel}","templated":true}]}}