{"id":9309,"date":"2014-05-20T16:22:02","date_gmt":"2014-05-20T19:22:02","guid":{"rendered":"http:\/\/www.blogdotarugao.com.br\/v1\/?p=9309"},"modified":"2014-05-20T16:22:02","modified_gmt":"2014-05-20T19:22:02","slug":"colbert-sobre-reforma-do-aeroporto-de-feira-e-um-puxadinho","status":"publish","type":"post","link":"https:\/\/www.blogdotarugao.com.br\/v1\/2014\/05\/20\/colbert-sobre-reforma-do-aeroporto-de-feira-e-um-puxadinho\/","title":{"rendered":"Colbert sobre reforma do Aeroporto de Feira: &#8220;\u00e9 um puxadinho&#8221;"},"content":{"rendered":"<p><img alt=\"\" src=\"http:\/\/www.bocaonews.com.br\/ckfinder\/userfiles\/fotos_e_imagens\/OBRAS-E-INFRAESTRUTRA\/aeroporto_feira_santana_bocaonews_rv%20(6).JPG\" \/><\/p>\n<p>Desde o ano passado, o Aeroporto de Feira de Santana passa por reformas e at\u00e9 ent\u00e3o \u00e9 alvo de cr\u00edticas da oposi\u00e7\u00e3o. O pr\u00e9-candidato a deputado federal, Colbert Martins (PMDB) resolveu vistoriar as obras do Aeroporto Jo\u00e3o Durval Carneiro, na tarde desta ter\u00e7a-feira (20) e quase foi impedido pelos seguran\u00e7as do local. Isso porque, segundo fontes ligadas ao Boc\u00e3o News, quem `manda\u00b4no local \u00e9 o deputado estadual Jos\u00e9 Neto (PT).<\/p>\n<p>O desconforto causado pela presen\u00e7a de Colbert deve-se ao fato de n\u00e3o \u00e9 permitida a presen\u00e7a de pessoas na pista de pouso e decolagem. Por\u00e9m, o ex-deputado disse que apenas veio recepcionar o pr\u00e9-candidato \u00e0 presid\u00eancia, Eduardo Campos (PSB). Mas, o apoio do peemedebista \u00e9 claro: A\u00e9cio Neves e Paulo Souto. \u201cCombinei com Geddel ontem que receberia Eduardo Campos. Minha posi\u00e7\u00e3o \u00e9 clara, mas Eduardo \u00e9 meu amigo. N\u00f3s temos uma liga\u00e7\u00e3o de amizade\u201d.<\/p>\n<p><img alt=\"\" src=\"http:\/\/www.bocaonews.com.br\/ckfinder\/userfiles\/fotos_e_imagens\/POLITICA\/BAHIA\/EX-POLITICOS\/colbert_martins_aeroporto_feira_santana_bocaonews_rv%20(10)%20(1).JPG\" \/><\/p>\n<p>O contrato de concess\u00e3o assinado entre o governo do estado e a empresa Aeroporto Feira de Santana S.A. (AFS) previa a amplia\u00e7\u00e3o, administra\u00e7\u00e3o, opera\u00e7\u00e3o, manuten\u00e7\u00e3o e explora\u00e7\u00e3o comercial das \u00e1reas e servi\u00e7os. O valor estimado do contrato foi de R$ 50 milh\u00f5es. Recentemente, o aeroporto recebeu uma reforma de R$ 4 milh\u00f5es, que ampliou a estrutura da pista de apenas 1.500 metros. O cons\u00f3rcio UGT\/Sinart \u00e9 respons\u00e1vel pelas obras de estrutura. Mas, de acordo com Colbert, o local est\u00e1 abandonado.<\/p>\n<p>\u201cIsso \u00e9 um puxadinho. N\u00e3o tem radar, torre de controle e uma \u00e1rea limitada para um aeroporto de cargas por exemplo. Al\u00e9m disso, a noite nenhum avi\u00e3o pode pousar porque a pista n\u00e3o est\u00e1 sinalizada. \u00c9 uma escurid\u00e3o total. Estou decepcionado porque Feira precisava de um aeroporto. Estamos abaixo de qualquer expectativa. Estamos abaixo dos aeroportos de Barreiras e Conquista\u201d, critica.<br \/>\n<img alt=\"\" src=\"http:\/\/www.bocaonews.com.br\/ckfinder\/userfiles\/fotos_e_imagens\/OBRAS-E-INFRAESTRUTRA\/aeroporto_feira_santana_bocaonews_rv%20(11).JPG\" \/><\/p>\n<p>A conclus\u00e3o das obras estava prevista para o m\u00eas de abril, mas at\u00e9 o momento n\u00e3o foi entregue. Das mudan\u00e7as vis\u00edveis est\u00e3o a constru\u00e7\u00e3o do muro ao redor do terminal, a reforma do receptivo, e melhoras na pista. Entretanto, erros j\u00e1 s\u00e3o poss\u00edveis de serem vistos. A esteira de malas n\u00e3o existe. Elas passar\u00e3o por um buraco no meio da sala do receptivo.<\/p>\n","protected":false},"excerpt":{"rendered":"<p>Desde o ano passado, o Aeroporto de Feira de Santana passa por reformas e at\u00e9 ent\u00e3o \u00e9 alvo de cr\u00edticas da oposi\u00e7\u00e3o. O pr\u00e9-candidato a deputado federal, Colbert Martins (PMDB) resolveu vistoriar as obras do Aeroporto Jo\u00e3o Durval Carneiro, na tarde desta ter\u00e7a-feira (20) e quase foi impedido pelos seguran\u00e7as do local. Isso porque, segundo [&hellip;]<\/p>\n","protected":false},"author":2,"featured_media":0,"comment_status":"open","ping_status":"open","sticky":false,"template":"","format":"standard","meta":{"_links_to":"","_links_to_target":""},"categories":[1,7],"tags":[],"_links":{"self":[{"href":"https:\/\/www.blogdotarugao.com.br\/v1\/wp-json\/wp\/v2\/posts\/9309"}],"collection":[{"href":"https:\/\/www.blogdotarugao.com.br\/v1\/wp-json\/wp\/v2\/posts"}],"about":[{"href":"https:\/\/www.blogdotarugao.com.br\/v1\/wp-json\/wp\/v2\/types\/post"}],"author":[{"embeddable":true,"href":"https:\/\/www.blogdotarugao.com.br\/v1\/wp-json\/wp\/v2\/users\/2"}],"replies":[{"embeddable":true,"href":"https:\/\/www.blogdotarugao.com.br\/v1\/wp-json\/wp\/v2\/comments?post=9309"}],"version-history":[{"count":1,"href":"https:\/\/www.blogdotarugao.com.br\/v1\/wp-json\/wp\/v2\/posts\/9309\/revisions"}],"predecessor-version":[{"id":9310,"href":"https:\/\/www.blogdotarugao.com.br\/v1\/wp-json\/wp\/v2\/posts\/9309\/revisions\/9310"}],"wp:attachment":[{"href":"https:\/\/www.blogdotarugao.com.br\/v1\/wp-json\/wp\/v2\/media?parent=9309"}],"wp:term":[{"taxonomy":"category","embeddable":true,"href":"https:\/\/www.blogdotarugao.com.br\/v1\/wp-json\/wp\/v2\/categories?post=9309"},{"taxonomy":"post_tag","embeddable":true,"href":"https:\/\/www.blogdotarugao.com.br\/v1\/wp-json\/wp\/v2\/tags?post=9309"}],"curies":[{"name":"wp","href":"https:\/\/api.w.org\/{rel}","templated":true}]}}