{"id":9388,"date":"2014-05-21T17:30:29","date_gmt":"2014-05-21T20:30:29","guid":{"rendered":"http:\/\/www.blogdotarugao.com.br\/v1\/?p=9388"},"modified":"2014-05-21T17:30:29","modified_gmt":"2014-05-21T20:30:29","slug":"sugestao-popular-garante-porte-de-armas-para-o-cidadao-comum","status":"publish","type":"post","link":"https:\/\/www.blogdotarugao.com.br\/v1\/2014\/05\/21\/sugestao-popular-garante-porte-de-armas-para-o-cidadao-comum\/","title":{"rendered":"Sugest\u00e3o popular garante porte de armas para o cidad\u00e3o comum"},"content":{"rendered":"<p>Da Reda\u00e7\u00e3o<\/p>\n<div id=\"parent-fieldname-text\">\n<p><img title=\"\" alt=\"\" src=\"http:\/\/www12.senado.gov.br\/noticias\/materias\/2014\/05\/20\/armas_01___CD_0701056w.jpg\" \/><\/p>\n<p>A sugest\u00e3o legislativa de iniciativa popular que permite ao cidad\u00e3o devidamente qualificado o direito de portar arma (<a href=\"https:\/\/mail.senado.gov.br\/owa\/redir.aspx?C=g8vOEh6fR0CogdrQKHzyq_Sek_s6R9EIHqtfdH8S0vZkMZPb_d2ZTVfEUZTlnY5a0TokgGX2ayI.&amp;URL=http%3a%2f%2fwww.senado.gov.br%2fatividade%2fmateria%2fdetalhes.asp%3fp_cod_mate%3d117567\" target=\"_blank\">SUG 12\/2014<\/a>) ser\u00e1 analisada pela Comiss\u00e3o de Direitos Humanos e Legisla\u00e7\u00e3o Participativa (CDH). A ideia foi apresentada no portal\u00a0<a href=\"https:\/\/mail.senado.gov.br\/owa\/redir.aspx?C=g8vOEh6fR0CogdrQKHzyq_Sek_s6R9EIHqtfdH8S0vZkMZPb_d2ZTVfEUZTlnY5a0TokgGX2ayI.&amp;URL=https%3a%2f%2fpt-br.facebook.com%2feCidadaniaSF\" target=\"_blank\">e-Cidadania<\/a>\u00a0e obteve mais de 20 mil ades\u00f5es.<\/p>\n<p>Atualmente, pelo Estatuto do Desarmamento, s\u00f3 podem ter o porte de armas no Brasil integrantes das For\u00e7as Armadas, policiais, guardas municipais, agentes penitenci\u00e1rios, agentes de intelig\u00eancia, empresas de seguran\u00e7a privada, pessoas que exer\u00e7am atividades esportivas que demandem o uso de armas de fogo, auditores fiscais, analistas tribut\u00e1rios e quem comprove depender do uso da arma para subsist\u00eancia.<\/p>\n<p>Para civis, o porte \u00e9 permitido desde que o cidad\u00e3o comprove exercer atividade profissional de risco ou que ameace a integridade f\u00edsica. Na p\u00e1gina da Pol\u00edcia Federal na internet em que s\u00e3o expostas as condi\u00e7\u00f5es para o porte de arma pelo cidad\u00e3o, o texto \u00e9 bem claro quando afirma que a concess\u00e3o somente ocorrer\u00e1 em casos excepcionais que obede\u00e7am o exigido em lei.<\/p>\n<p><!--more--><\/p>\n<p>As propostas de mudan\u00e7as nos crit\u00e9rios para o poder de arma sempre geram pol\u00eamicas. Para o senador Randolfe Rodrigues (PSOL-AP), por exemplo, o uso da arma deve ser privativo das For\u00e7as Armadas e das for\u00e7as de seguran\u00e7a.<\/p>\n<p>\u2013 As sociedades que se armaram em demasia n\u00e3o deram em bom termo, a pior experi\u00eancia nesse sentido \u00e9 a da sociedade norte-americana. Armar indiscriminadamente todos os cidad\u00e3os n\u00e3o \u00e9 um bom termo para mim em uma sociedade \u2013 afirma.<\/p>\n<p>J\u00e1 o senador M\u00e1rio Couto (PSDB-PA) \u00e9 a favor do porte de arma por civis, desde que para fins de defesa pessoal e que a arma seja legalizada.<\/p>\n<p>\u2013 Ele tem que ter o direito leg\u00edtimo de defesa. Isso \u00e9 um direito constitucional. Por isso eu sou a favor daquele que usa a arma legalmente, com porte de arma, com registro da arma, com inscri\u00e7\u00e3o na pol\u00edcia \u2013 reitera.<\/p>\n<p>O post divulgado pelo portal\u00a0<a href=\"https:\/\/mail.senado.gov.br\/owa\/redir.aspx?C=g8vOEh6fR0CogdrQKHzyq_Sek_s6R9EIHqtfdH8S0vZkMZPb_d2ZTVfEUZTlnY5a0TokgGX2ayI.&amp;URL=https%3a%2f%2fpt-br.facebook.com%2feCidadaniaSF\" target=\"_blank\">e-Cidadania<\/a>, no Facebook, no dia 12 de maio j\u00e1 teve mais de 400 compartilhamentos. Entre os coment\u00e1rios dos internautas est\u00e1 o de Fabiano Assun\u00e7\u00e3o. Ele afirma que at\u00e9 seria a favor do desarmamento, se o Estado cumprisse o seu papel de desarmar o crime, o que, segundo ele, n\u00e3o acontece. J\u00e1 Amilton Teixeira acredita que n\u00e3o \u00e9 porque os bandidos t\u00eam acesso \u00e0s armas que o cidad\u00e3o tamb\u00e9m deve ter. Para ele, deveria haver um melhor monitoramento das fronteiras e um rastreamento eficiente das armas.<\/p>\n<p><strong>Projetos de lei<\/strong><\/p>\n<p>Mudan\u00e7as no Estatuto do Desarmamento s\u00e3o objeto de projetos de lei em an\u00e1lise no Congresso. Um deles estende o porte para agentes e guardas penitenci\u00e1rios e portu\u00e1rios fora do hor\u00e1rio de servi\u00e7o (<a href=\"https:\/\/mail.senado.gov.br\/owa\/redir.aspx?C=g8vOEh6fR0CogdrQKHzyq_Sek_s6R9EIHqtfdH8S0vZkMZPb_d2ZTVfEUZTlnY5a0TokgGX2ayI.&amp;URL=http%3a%2f%2fwww.senado.gov.br%2fatividade%2fmateria%2fdetalhes.asp%3fp_cod_mate%3d116762\" target=\"_blank\">PLC 28\/2014<\/a>) e aguardar apenas a decis\u00e3o do Plen\u00e1rio.<\/p>\n<p>A lei em vigor define, entre as pessoas que podem usar arma nos per\u00edodos de folga, os integrantes das For\u00e7as Armadas, policiais, guardas municipais das capitais ou cidades com mais de 500 mil habitantes, agentes de intelig\u00eancias e as pol\u00edcias da C\u00e2mara e do Senado.<!--more--><\/p>\n<p>Se a decis\u00e3o do Plen\u00e1rio do Senado for pela aprova\u00e7\u00e3o, o PLC 28\/2014 pode seguir para a san\u00e7\u00e3o presidencial, porque j\u00e1 foi aprovado pela C\u00e2mara. Durante o exame na Comiss\u00e3o de Constitui\u00e7\u00e3o, Justi\u00e7a e Cidadania (CCJ), a proposta n\u00e3o recebeu nenhuma emenda dos senadores e o parecer do senador Gim (PTB-DF) foi favor\u00e1vel ao projeto.<\/p>\n<p>Na C\u00e2mara dos Deputados, o projeto do deputado Rog\u00e9rio Peninha Mendon\u00e7a (PMDB-SC) revoga o Estatuto do Desarmamento (<a href=\"https:\/\/mail.senado.gov.br\/owa\/redir.aspx?C=g8vOEh6fR0CogdrQKHzyq_Sek_s6R9EIHqtfdH8S0vZkMZPb_d2ZTVfEUZTlnY5a0TokgGX2ayI.&amp;URL=http%3a%2f%2fwww.camara.gov.br%2fproposicoesWeb%2ffichadetramitacao%3fidProposicao%3d541857\" target=\"_blank\">PL 3722\/2012<\/a>) e estabelece novas normas sobre aquisi\u00e7\u00e3o, posse, porte e circula\u00e7\u00e3o de armas de fogo e muni\u00e7\u00f5es, al\u00e9m de prever penalidades.<\/p>\n<p>Dentre as mudan\u00e7as propostas, est\u00e1 a altera\u00e7\u00e3o da idade m\u00ednima para comprar armas de fogo de 21 para 25 anos; o registro e autoriza\u00e7\u00e3o do porte de arma n\u00e3o s\u00f3 pelo Sistema Nacional de Armas (Sinarm), mas tamb\u00e9m pelas pol\u00edcias civis estaduais e do Distrito Federal; e, desde que devidamente autorizado, o direito ao propriet\u00e1rio de manter a arma na sua resid\u00eancia, propriedade rural, no seu local de trabalho ou ainda em ve\u00edculos ou embarca\u00e7\u00e3o pertencente a ele.<\/p>\n<\/div>\n","protected":false},"excerpt":{"rendered":"<p>Da Reda\u00e7\u00e3o A sugest\u00e3o legislativa de iniciativa popular que permite ao cidad\u00e3o devidamente qualificado o direito de portar arma (SUG 12\/2014) ser\u00e1 analisada pela Comiss\u00e3o de Direitos Humanos e Legisla\u00e7\u00e3o Participativa (CDH). A ideia foi apresentada no portal\u00a0e-Cidadania\u00a0e obteve mais de 20 mil ades\u00f5es. Atualmente, pelo Estatuto do Desarmamento, s\u00f3 podem ter o porte de [&hellip;]<\/p>\n","protected":false},"author":2,"featured_media":0,"comment_status":"open","ping_status":"open","sticky":false,"template":"","format":"standard","meta":{"_links_to":"","_links_to_target":""},"categories":[1,7],"tags":[],"_links":{"self":[{"href":"https:\/\/www.blogdotarugao.com.br\/v1\/wp-json\/wp\/v2\/posts\/9388"}],"collection":[{"href":"https:\/\/www.blogdotarugao.com.br\/v1\/wp-json\/wp\/v2\/posts"}],"about":[{"href":"https:\/\/www.blogdotarugao.com.br\/v1\/wp-json\/wp\/v2\/types\/post"}],"author":[{"embeddable":true,"href":"https:\/\/www.blogdotarugao.com.br\/v1\/wp-json\/wp\/v2\/users\/2"}],"replies":[{"embeddable":true,"href":"https:\/\/www.blogdotarugao.com.br\/v1\/wp-json\/wp\/v2\/comments?post=9388"}],"version-history":[{"count":1,"href":"https:\/\/www.blogdotarugao.com.br\/v1\/wp-json\/wp\/v2\/posts\/9388\/revisions"}],"predecessor-version":[{"id":9389,"href":"https:\/\/www.blogdotarugao.com.br\/v1\/wp-json\/wp\/v2\/posts\/9388\/revisions\/9389"}],"wp:attachment":[{"href":"https:\/\/www.blogdotarugao.com.br\/v1\/wp-json\/wp\/v2\/media?parent=9388"}],"wp:term":[{"taxonomy":"category","embeddable":true,"href":"https:\/\/www.blogdotarugao.com.br\/v1\/wp-json\/wp\/v2\/categories?post=9388"},{"taxonomy":"post_tag","embeddable":true,"href":"https:\/\/www.blogdotarugao.com.br\/v1\/wp-json\/wp\/v2\/tags?post=9388"}],"curies":[{"name":"wp","href":"https:\/\/api.w.org\/{rel}","templated":true}]}}