{"id":9405,"date":"2014-05-21T20:11:08","date_gmt":"2014-05-21T23:11:08","guid":{"rendered":"http:\/\/www.blogdotarugao.com.br\/v1\/?p=9405"},"modified":"2014-05-21T20:11:08","modified_gmt":"2014-05-21T23:11:08","slug":"kelly-key-volta-a-treino-apos-problema-de-saude-e-mostra-corpo-sarado","status":"publish","type":"post","link":"https:\/\/www.blogdotarugao.com.br\/v1\/2014\/05\/21\/kelly-key-volta-a-treino-apos-problema-de-saude-e-mostra-corpo-sarado\/","title":{"rendered":"Kelly Key volta a treino ap\u00f3s problema de sa\u00fade e mostra corpo sarado"},"content":{"rendered":"<h2 id=\"noticia-olho\">&#8220;C\u00e1 estou eu, de volta \u00e0 academia&#8221;, explicou cantora em foto do Facebook nesta quarta (21). Veja mais corpos dos famosos<\/h2>\n<div id=\"noticia\" itemprop=\"articleBody\">\n<div id=\"galleria\" data-render-gallery=\"nulltrue\">\n<div>\n<div>\n<div><\/div>\n<div><img loading=\"lazy\" alt=\"\" src=\"http:\/\/i0.statig.com.br\/bancodeimagens\/4w\/sj\/sq\/4wsjsqkfr0knsgcd1vgabb56p.jpg\" width=\"456\" height=\"286\" \/><\/div>\n<\/div>\n<div><\/div>\n<\/div>\n<div>\n<div>\n<div>Ap\u00f3s problema de sa\u00fade, Kelly Key volta a treino na academia e mostra corpo sarado.<\/div>\n<\/div>\n<\/div>\n<div><\/div>\n<\/div>\n<figure><img alt=\"\" src=\"http:\/\/i0.statig.com.br\/bancodeimagens\/5d\/cx\/hf\/5dcxhfsia2eh2vyawr1uww6dd.jpg\" \/><figcaption><cite>Reprodu\u00e7\u00e3o<\/cite><\/p>\n<div>Ap\u00f3s problema de sa\u00fade, Kelly Key volta a treino na academia e mostra corpo sarado<\/div>\n<\/figcaption><\/figure>\n<p>Aos 31 anos,\u00a0<a href=\"http:\/\/gente.ig.com.br\/noticias\/Kelly%20Key\">Kelly Key<\/a>\u00a0est\u00e1 investindo na malha\u00e7\u00e3o pesada. Nesta quarta-feira (21), a cantora, que acaba de se recuperar de um problema de sa\u00fade, publicou uma foto no Facebook em que aparece de top e cal\u00e7a coladinha retomando a rotina di\u00e1ria de exerc\u00edcios.<\/p>\n<p>&#8220;Andei dodoi esses dias&#8230; Mas c\u00e1 estou eu, de volta a academia!\u00a0E em todos os meus dias com os meus suplementos! Obrigada por me ajudarem na constru\u00e7\u00e3o de um corpo melhor&#8221;, escreveu a artista, que \u00e9 m\u00e3e de<strong>Suzana<\/strong>, de 13 anos, do casamento com \u00a0cantor\u00a0<strong>Latino<\/strong>, e\u00a0<strong>Vitor<\/strong>, de 9, do casamento com\u00a0<strong>Mico Freitas<\/strong>. Confira na galeria mais fotos de famosos sarados e musculosos<\/p>\n<figure><img loading=\"lazy\" alt=\"\" src=\"http:\/\/i0.statig.com.br\/bancodeimagens\/3e\/4y\/s1\/3e4ys1h06rmflr85qd7dpv8lc.jpg\" width=\"475\" height=\"297\" \/><figcaption><cite>Reprodu\u00e7\u00e3o<\/cite><\/p>\n<div>Kelly Key mostra f\u00edsico atl\u00e9tico nas redes sociais<\/div>\n<\/figcaption><\/figure>\n<\/div>\n","protected":false},"excerpt":{"rendered":"<p>&#8220;C\u00e1 estou eu, de volta \u00e0 academia&#8221;, explicou cantora em foto do Facebook nesta quarta (21). Veja mais corpos dos famosos Ap\u00f3s problema de sa\u00fade, Kelly Key volta a treino na academia e mostra corpo sarado. Reprodu\u00e7\u00e3o Ap\u00f3s problema de sa\u00fade, Kelly Key volta a treino na academia e mostra corpo sarado Aos 31 anos,\u00a0Kelly [&hellip;]<\/p>\n","protected":false},"author":2,"featured_media":0,"comment_status":"open","ping_status":"open","sticky":false,"template":"","format":"standard","meta":{"_links_to":"","_links_to_target":""},"categories":[21,1,12],"tags":[],"_links":{"self":[{"href":"https:\/\/www.blogdotarugao.com.br\/v1\/wp-json\/wp\/v2\/posts\/9405"}],"collection":[{"href":"https:\/\/www.blogdotarugao.com.br\/v1\/wp-json\/wp\/v2\/posts"}],"about":[{"href":"https:\/\/www.blogdotarugao.com.br\/v1\/wp-json\/wp\/v2\/types\/post"}],"author":[{"embeddable":true,"href":"https:\/\/www.blogdotarugao.com.br\/v1\/wp-json\/wp\/v2\/users\/2"}],"replies":[{"embeddable":true,"href":"https:\/\/www.blogdotarugao.com.br\/v1\/wp-json\/wp\/v2\/comments?post=9405"}],"version-history":[{"count":2,"href":"https:\/\/www.blogdotarugao.com.br\/v1\/wp-json\/wp\/v2\/posts\/9405\/revisions"}],"predecessor-version":[{"id":9407,"href":"https:\/\/www.blogdotarugao.com.br\/v1\/wp-json\/wp\/v2\/posts\/9405\/revisions\/9407"}],"wp:attachment":[{"href":"https:\/\/www.blogdotarugao.com.br\/v1\/wp-json\/wp\/v2\/media?parent=9405"}],"wp:term":[{"taxonomy":"category","embeddable":true,"href":"https:\/\/www.blogdotarugao.com.br\/v1\/wp-json\/wp\/v2\/categories?post=9405"},{"taxonomy":"post_tag","embeddable":true,"href":"https:\/\/www.blogdotarugao.com.br\/v1\/wp-json\/wp\/v2\/tags?post=9405"}],"curies":[{"name":"wp","href":"https:\/\/api.w.org\/{rel}","templated":true}]}}