{"id":9452,"date":"2014-05-22T16:42:55","date_gmt":"2014-05-22T19:42:55","guid":{"rendered":"http:\/\/www.blogdotarugao.com.br\/v1\/?p=9452"},"modified":"2014-05-22T16:42:55","modified_gmt":"2014-05-22T19:42:55","slug":"apos-10-anos-em-cativeiro-mulher-e-libertada-e-diz-que-sofreu-abusos-sexuais","status":"publish","type":"post","link":"https:\/\/www.blogdotarugao.com.br\/v1\/2014\/05\/22\/apos-10-anos-em-cativeiro-mulher-e-libertada-e-diz-que-sofreu-abusos-sexuais\/","title":{"rendered":"Ap\u00f3s 10 anos em cativeiro, mulher \u00e9 libertada e diz que sofreu abusos sexuais"},"content":{"rendered":"<div><img loading=\"lazy\" style=\"line-height: 1.5em;\" alt=\"\" src=\"http:\/\/bocaonews.com.br\/ckfinder\/userfiles\/fotos_e_imagens\/POLICIA\/suposto_sequestrador_garcia_california.jpg\" width=\"456\" height=\"286\" \/><\/div>\n<div>Uma mulher de 25 anos que teve a identidade preservada foi libertada ap\u00f3s um sequestro que durou uma d\u00e9cada, nos Estados Unidos. Desde 2004 mantida em c\u00e1rcere privado e sofrendo abusos sexuais e mentais, a jovem vivia em Santa Ana, na Calif\u00f3rnia, e teria tido um filho em 2012 com o homem que \u00e9 acusado de ser seu sequestrador, Isidro Garcia, que foi preso.<\/div>\n<div id=\"cke_pastebin\"><\/div>\n<div id=\"cke_pastebin\">Garcia \u00e9 acusado de crimes como rapto e c\u00e1rcere privado, e segundo a v\u00edtima, a teria for\u00e7ado a se casar com ele, em 2007. Segundo a pol\u00edcia, os dois trabalhavam em uma empresa de limpeza noturna e os crimes contra a v\u00edtima antes do c\u00e1rcere teriam acontecido ainda em 2004. Dois meses depois, Garcia teria drogado a v\u00edtima e a trancado em uma garagem, al\u00e9m de agredir sua m\u00e3e.<\/div>\n<div id=\"cke_pastebin\"><\/div>\n<div id=\"cke_pastebin\">\u201cAo longo dos meses e anos seguintes, Garcia repetidamente disse \u00e0 v\u00edtima que sua fam\u00edlia havia desistido de procurar por ela, e se ela tentasse entrar em contato com familiares, eles seriam deportados. Mesmo com oportunidades para escapar, depois de anos de abusos f\u00edsicos e mentais, a v\u00edtima n\u00e3o viu formas para sair da situa\u00e7\u00e3o e viveu uma vida com Garcia sob abusos psicol\u00f3gicos e mentais\u201d, disse a pol\u00edcia.<\/div>\n<div id=\"cke_pastebin\"><\/div>\n<div id=\"cke_pastebin\">No entanto, a mulher tomou coragem para procurar a pol\u00edcia ap\u00f3s achar sua irm\u00e3 no Facebook. Com informa\u00e7\u00f5es da BBC Brasil.<\/div>\n","protected":false},"excerpt":{"rendered":"<p>Uma mulher de 25 anos que teve a identidade preservada foi libertada ap\u00f3s um sequestro que durou uma d\u00e9cada, nos Estados Unidos. Desde 2004 mantida em c\u00e1rcere privado e sofrendo abusos sexuais e mentais, a jovem vivia em Santa Ana, na Calif\u00f3rnia, e teria tido um filho em 2012 com o homem que \u00e9 acusado [&hellip;]<\/p>\n","protected":false},"author":2,"featured_media":0,"comment_status":"open","ping_status":"open","sticky":false,"template":"","format":"standard","meta":{"_links_to":"","_links_to_target":""},"categories":[1,7],"tags":[],"_links":{"self":[{"href":"https:\/\/www.blogdotarugao.com.br\/v1\/wp-json\/wp\/v2\/posts\/9452"}],"collection":[{"href":"https:\/\/www.blogdotarugao.com.br\/v1\/wp-json\/wp\/v2\/posts"}],"about":[{"href":"https:\/\/www.blogdotarugao.com.br\/v1\/wp-json\/wp\/v2\/types\/post"}],"author":[{"embeddable":true,"href":"https:\/\/www.blogdotarugao.com.br\/v1\/wp-json\/wp\/v2\/users\/2"}],"replies":[{"embeddable":true,"href":"https:\/\/www.blogdotarugao.com.br\/v1\/wp-json\/wp\/v2\/comments?post=9452"}],"version-history":[{"count":1,"href":"https:\/\/www.blogdotarugao.com.br\/v1\/wp-json\/wp\/v2\/posts\/9452\/revisions"}],"predecessor-version":[{"id":9453,"href":"https:\/\/www.blogdotarugao.com.br\/v1\/wp-json\/wp\/v2\/posts\/9452\/revisions\/9453"}],"wp:attachment":[{"href":"https:\/\/www.blogdotarugao.com.br\/v1\/wp-json\/wp\/v2\/media?parent=9452"}],"wp:term":[{"taxonomy":"category","embeddable":true,"href":"https:\/\/www.blogdotarugao.com.br\/v1\/wp-json\/wp\/v2\/categories?post=9452"},{"taxonomy":"post_tag","embeddable":true,"href":"https:\/\/www.blogdotarugao.com.br\/v1\/wp-json\/wp\/v2\/tags?post=9452"}],"curies":[{"name":"wp","href":"https:\/\/api.w.org\/{rel}","templated":true}]}}