{"id":9498,"date":"2014-05-23T08:28:31","date_gmt":"2014-05-23T11:28:31","guid":{"rendered":"http:\/\/www.blogdotarugao.com.br\/v1\/?p=9498"},"modified":"2014-05-23T08:28:31","modified_gmt":"2014-05-23T11:28:31","slug":"portaria-autoriza-acompanhamento-de-recem-nascido-em-utis-neonatais","status":"publish","type":"post","link":"https:\/\/www.blogdotarugao.com.br\/v1\/2014\/05\/23\/portaria-autoriza-acompanhamento-de-recem-nascido-em-utis-neonatais\/","title":{"rendered":"Portaria autoriza acompanhamento de rec\u00e9m-nascido em UTIs neonatais"},"content":{"rendered":"<div>\n<div><img title=\"Portaria autoriza acompanhamento de rec\u00e9m-nascido em UTIs neonatais\" alt=\"Portaria autoriza acompanhamento de rec\u00e9m-nascido em UTIs neonatais\" src=\"http:\/\/www.bahianoticias.com.br\/fotos\/saude_noticias\/11732\/xIMAGEM_NOTICIA_5.jpg.pagespeed.ic.NzGiJECMAX.jpg\" \/><\/p>\n<div>Foto: Reprodu\u00e7\u00e3o<\/div>\n<\/div>\n<div><\/div>\n<\/div>\n<div>\n<div id=\"cke_pastebin\">Uma portaria do Minist\u00e9rio da Sa\u00fade determina que a m\u00e3e do rec\u00e9m-nascido tem direito de acompanh\u00e1-lo 24h enquanto ele estiver na maternidade, mesmo em unidades de terapia intensiva, UTIs, neonatais. A regra vale tamb\u00e9m para o pai ou algum outro respons\u00e1vel, neonatais. O documento foi assinado nesta quinta-feira (22) pelo ministro da Sa\u00fade, Arthur Chioro. O ministro tamb\u00e9m disse que foi ampliada a verba para hospitais que trabalham com os chamados partos humanizados com 17% dos recursos repassados para parto normal e 8,5% para parto ces\u00e1reo. Informa\u00e7\u00f5es da Ag\u00eancia Brasil.<\/div>\n<\/div>\n","protected":false},"excerpt":{"rendered":"<p>Foto: Reprodu\u00e7\u00e3o Uma portaria do Minist\u00e9rio da Sa\u00fade determina que a m\u00e3e do rec\u00e9m-nascido tem direito de acompanh\u00e1-lo 24h enquanto ele estiver na maternidade, mesmo em unidades de terapia intensiva, UTIs, neonatais. A regra vale tamb\u00e9m para o pai ou algum outro respons\u00e1vel, neonatais. O documento foi assinado nesta quinta-feira (22) pelo ministro da Sa\u00fade, [&hellip;]<\/p>\n","protected":false},"author":2,"featured_media":0,"comment_status":"open","ping_status":"open","sticky":false,"template":"","format":"standard","meta":{"_links_to":"","_links_to_target":""},"categories":[1,12],"tags":[],"_links":{"self":[{"href":"https:\/\/www.blogdotarugao.com.br\/v1\/wp-json\/wp\/v2\/posts\/9498"}],"collection":[{"href":"https:\/\/www.blogdotarugao.com.br\/v1\/wp-json\/wp\/v2\/posts"}],"about":[{"href":"https:\/\/www.blogdotarugao.com.br\/v1\/wp-json\/wp\/v2\/types\/post"}],"author":[{"embeddable":true,"href":"https:\/\/www.blogdotarugao.com.br\/v1\/wp-json\/wp\/v2\/users\/2"}],"replies":[{"embeddable":true,"href":"https:\/\/www.blogdotarugao.com.br\/v1\/wp-json\/wp\/v2\/comments?post=9498"}],"version-history":[{"count":1,"href":"https:\/\/www.blogdotarugao.com.br\/v1\/wp-json\/wp\/v2\/posts\/9498\/revisions"}],"predecessor-version":[{"id":9499,"href":"https:\/\/www.blogdotarugao.com.br\/v1\/wp-json\/wp\/v2\/posts\/9498\/revisions\/9499"}],"wp:attachment":[{"href":"https:\/\/www.blogdotarugao.com.br\/v1\/wp-json\/wp\/v2\/media?parent=9498"}],"wp:term":[{"taxonomy":"category","embeddable":true,"href":"https:\/\/www.blogdotarugao.com.br\/v1\/wp-json\/wp\/v2\/categories?post=9498"},{"taxonomy":"post_tag","embeddable":true,"href":"https:\/\/www.blogdotarugao.com.br\/v1\/wp-json\/wp\/v2\/tags?post=9498"}],"curies":[{"name":"wp","href":"https:\/\/api.w.org\/{rel}","templated":true}]}}