{"id":95857,"date":"2018-03-06T07:15:05","date_gmt":"2018-03-06T10:15:05","guid":{"rendered":"http:\/\/www.blogdotarugao.com.br\/v1\/?p=95857"},"modified":"2018-03-05T22:23:39","modified_gmt":"2018-03-06T01:23:39","slug":"mpf-pede-prisao-de-lula-logo-apos-trf-4-julgar-recurso","status":"publish","type":"post","link":"https:\/\/www.blogdotarugao.com.br\/v1\/2018\/03\/06\/mpf-pede-prisao-de-lula-logo-apos-trf-4-julgar-recurso\/","title":{"rendered":"MPF pede pris\u00e3o de Lula logo ap\u00f3s TRF-4 julgar recurso"},"content":{"rendered":"<h3 style=\"text-align: justify;\"><img loading=\"lazy\" class=\"  wp-image-84249 alignleft\" src=\"http:\/\/www.blogdotarugao.com.br\/v1\/wp-content\/uploads\/2017\/07\/lula-9.jpg\" alt=\"lula 9\" width=\"584\" height=\"389\" srcset=\"https:\/\/www.blogdotarugao.com.br\/v1\/wp-content\/uploads\/2017\/07\/lula-9.jpg 680w, https:\/\/www.blogdotarugao.com.br\/v1\/wp-content\/uploads\/2017\/07\/lula-9-300x200.jpg 300w\" sizes=\"(max-width: 584px) 100vw, 584px\" \/>O Minist\u00e9rio P\u00fablico Federal pediu a pris\u00e3o do ex-presidente Lula assim que forem julgados os embargos de declara\u00e7\u00e3o \u00e0 senten\u00e7a do TRF-4 que o condenou a 12 anos e um m\u00eas de pris\u00e3o. As informa\u00e7\u00f5es s\u00e3o do O Antagonista.<\/h3>\n<h3 style=\"text-align: justify;\">Em parecer encaminhado hoje ao TRF-4, o procurador Maur\u00edcio Gerum, da Procuradoria Regional da Rep\u00fablica da 4\u00aa Regi\u00e3o, solicitou que assim que o recurso for analisado, a decis\u00e3o de pris\u00e3o deve ser encaminhada a Sergio Moro \u201cpara o imediato in\u00edcio do cumprimento das penas\u201d.<\/h3>\n","protected":false},"excerpt":{"rendered":"<p>O Minist\u00e9rio P\u00fablico Federal pediu a pris\u00e3o do ex-presidente Lula assim que forem julgados os embargos de declara\u00e7\u00e3o \u00e0 senten\u00e7a do TRF-4 que o condenou a 12 anos e um m\u00eas de pris\u00e3o. As informa\u00e7\u00f5es s\u00e3o do O Antagonista. Em parecer encaminhado hoje ao TRF-4, o procurador Maur\u00edcio Gerum, da Procuradoria Regional da Rep\u00fablica da [&hellip;]<\/p>\n","protected":false},"author":2,"featured_media":0,"comment_status":"open","ping_status":"open","sticky":false,"template":"","format":"standard","meta":{"_links_to":"","_links_to_target":""},"categories":[1],"tags":[],"_links":{"self":[{"href":"https:\/\/www.blogdotarugao.com.br\/v1\/wp-json\/wp\/v2\/posts\/95857"}],"collection":[{"href":"https:\/\/www.blogdotarugao.com.br\/v1\/wp-json\/wp\/v2\/posts"}],"about":[{"href":"https:\/\/www.blogdotarugao.com.br\/v1\/wp-json\/wp\/v2\/types\/post"}],"author":[{"embeddable":true,"href":"https:\/\/www.blogdotarugao.com.br\/v1\/wp-json\/wp\/v2\/users\/2"}],"replies":[{"embeddable":true,"href":"https:\/\/www.blogdotarugao.com.br\/v1\/wp-json\/wp\/v2\/comments?post=95857"}],"version-history":[{"count":1,"href":"https:\/\/www.blogdotarugao.com.br\/v1\/wp-json\/wp\/v2\/posts\/95857\/revisions"}],"predecessor-version":[{"id":95858,"href":"https:\/\/www.blogdotarugao.com.br\/v1\/wp-json\/wp\/v2\/posts\/95857\/revisions\/95858"}],"wp:attachment":[{"href":"https:\/\/www.blogdotarugao.com.br\/v1\/wp-json\/wp\/v2\/media?parent=95857"}],"wp:term":[{"taxonomy":"category","embeddable":true,"href":"https:\/\/www.blogdotarugao.com.br\/v1\/wp-json\/wp\/v2\/categories?post=95857"},{"taxonomy":"post_tag","embeddable":true,"href":"https:\/\/www.blogdotarugao.com.br\/v1\/wp-json\/wp\/v2\/tags?post=95857"}],"curies":[{"name":"wp","href":"https:\/\/api.w.org\/{rel}","templated":true}]}}