{"id":95880,"date":"2018-03-06T06:08:48","date_gmt":"2018-03-06T09:08:48","guid":{"rendered":"http:\/\/www.blogdotarugao.com.br\/v1\/?p=95880"},"modified":"2018-03-06T06:08:48","modified_gmt":"2018-03-06T09:08:48","slug":"o-coracao-quer-que-ele-seja-candidato-diz-lider-na-camara-apos-reuniao-com-acm-neto","status":"publish","type":"post","link":"https:\/\/www.blogdotarugao.com.br\/v1\/2018\/03\/06\/o-coracao-quer-que-ele-seja-candidato-diz-lider-na-camara-apos-reuniao-com-acm-neto\/","title":{"rendered":"&#8216;O cora\u00e7\u00e3o quer que ele seja candidato&#8217;, diz l\u00edder na C\u00e2mara ap\u00f3s reuni\u00e3o com ACM Neto"},"content":{"rendered":"<h3 style=\"text-align: justify;\"><img loading=\"lazy\" class=\"\" src=\"http:\/\/imagem.bahianoticias.com.br\/fotos\/principal_noticias\/219213\/IMAGEM_NOTICIA_5.jpg?checksum=1520284629\" alt=\"'O cora\u00e7\u00e3o quer que ele seja candidato', diz l\u00edder na C\u00e2mara ap\u00f3s reuni\u00e3o com ACM Neto\" width=\"580\" height=\"428\" \/><\/h3>\n<h3 style=\"text-align: justify;\"><strong>O prefeito ACM Neto se reuniu na tarde desta segunda-feira (5) com a sua bancada de vereadores na C\u00e2mara de Salvador. Segundo o l\u00edder do bloco, o vereador Henrique Carballal (PV), ele disse que &#8220;o cora\u00e7\u00e3o e a cabe\u00e7a&#8221; do prefeito querem que ele seja candidato ao governo do estado e que sua defini\u00e7\u00e3o deve ser anunciada at\u00e9 o pr\u00f3ximo dia 16. No entanto, ACM Neto ainda estaria ouvindo a opini\u00e3o da popula\u00e7\u00e3o para chegar a uma conclus\u00e3o. &#8220;Pela primeira vez ele disse que o cora\u00e7\u00e3o e a cabe\u00e7a dele querem que ele seja candidato, que vai decidir 16 de mar\u00e7o&#8221;, afirmou Carballal em entrevista ao Bahia Not\u00edcias ap\u00f3s a reuni\u00e3o. O l\u00edder da bancada foi o respons\u00e1vel por marcar o encontro. De acordo com ele, os vereadores se comprometeram a permanecer ao lado de ACM Neto e disseram que v\u00e3o ficar apoiar sua escolha mesmo que ele n\u00e3o seja candidato na elei\u00e7\u00e3o deste ano. &#8220;N\u00e3o existiu tom de cobran\u00e7a, foi de apoio a ele&#8221;, garantiu o vereador. &#8220;Se a decis\u00e3o dele for de n\u00e3o ser candidato, vamos apoiar o candidato dele. \u00d3bvio que n\u00e3o com a mesma alegria&#8221;, ponderou.\u00a0<\/strong><\/h3>\n<p><span style=\"color: #0000ff;\">RK<\/span><\/p>\n","protected":false},"excerpt":{"rendered":"<p>O prefeito ACM Neto se reuniu na tarde desta segunda-feira (5) com a sua bancada de vereadores na C\u00e2mara de Salvador. Segundo o l\u00edder do bloco, o vereador Henrique Carballal (PV), ele disse que &#8220;o cora\u00e7\u00e3o e a cabe\u00e7a&#8221; do prefeito querem que ele seja candidato ao governo do estado e que sua defini\u00e7\u00e3o deve [&hellip;]<\/p>\n","protected":false},"author":2,"featured_media":0,"comment_status":"open","ping_status":"open","sticky":false,"template":"","format":"standard","meta":{"_links_to":"","_links_to_target":""},"categories":[1],"tags":[],"_links":{"self":[{"href":"https:\/\/www.blogdotarugao.com.br\/v1\/wp-json\/wp\/v2\/posts\/95880"}],"collection":[{"href":"https:\/\/www.blogdotarugao.com.br\/v1\/wp-json\/wp\/v2\/posts"}],"about":[{"href":"https:\/\/www.blogdotarugao.com.br\/v1\/wp-json\/wp\/v2\/types\/post"}],"author":[{"embeddable":true,"href":"https:\/\/www.blogdotarugao.com.br\/v1\/wp-json\/wp\/v2\/users\/2"}],"replies":[{"embeddable":true,"href":"https:\/\/www.blogdotarugao.com.br\/v1\/wp-json\/wp\/v2\/comments?post=95880"}],"version-history":[{"count":1,"href":"https:\/\/www.blogdotarugao.com.br\/v1\/wp-json\/wp\/v2\/posts\/95880\/revisions"}],"predecessor-version":[{"id":95881,"href":"https:\/\/www.blogdotarugao.com.br\/v1\/wp-json\/wp\/v2\/posts\/95880\/revisions\/95881"}],"wp:attachment":[{"href":"https:\/\/www.blogdotarugao.com.br\/v1\/wp-json\/wp\/v2\/media?parent=95880"}],"wp:term":[{"taxonomy":"category","embeddable":true,"href":"https:\/\/www.blogdotarugao.com.br\/v1\/wp-json\/wp\/v2\/categories?post=95880"},{"taxonomy":"post_tag","embeddable":true,"href":"https:\/\/www.blogdotarugao.com.br\/v1\/wp-json\/wp\/v2\/tags?post=95880"}],"curies":[{"name":"wp","href":"https:\/\/api.w.org\/{rel}","templated":true}]}}