{"id":95891,"date":"2018-03-06T09:29:18","date_gmt":"2018-03-06T12:29:18","guid":{"rendered":"http:\/\/www.blogdotarugao.com.br\/v1\/?p=95891"},"modified":"2018-03-06T09:29:18","modified_gmt":"2018-03-06T12:29:18","slug":"nota-de-falecimento-morre-aos-63-anos-dona-adelia-a-mae-de-van-da-churrascaria","status":"publish","type":"post","link":"https:\/\/www.blogdotarugao.com.br\/v1\/2018\/03\/06\/nota-de-falecimento-morre-aos-63-anos-dona-adelia-a-mae-de-van-da-churrascaria\/","title":{"rendered":"NOTA DE FALECIMENTO: MORRE AOS 63 ANOS, DONA AD\u00c9LIA A M\u00c3E DE &#8220;VAN DA CHURRASCARIA&#8221;"},"content":{"rendered":"<h3 style=\"text-align: justify;\"><img loading=\"lazy\" class=\"  wp-image-95892 alignleft\" src=\"http:\/\/www.blogdotarugao.com.br\/v1\/wp-content\/uploads\/2018\/03\/0931.jpg\" alt=\"09\" width=\"585\" height=\"1042\" srcset=\"https:\/\/www.blogdotarugao.com.br\/v1\/wp-content\/uploads\/2018\/03\/0931.jpg 539w, https:\/\/www.blogdotarugao.com.br\/v1\/wp-content\/uploads\/2018\/03\/0931-168x300.jpg 168w\" sizes=\"(max-width: 585px) 100vw, 585px\" \/>Faleceu na noite desta segunda-feira (05) por volta de 23:00hs no hospital Cristo Redentor\/Funda\u00e7\u00e3o Jos\u00e9 Silveira, aos 63 anos, a senhora, Adelina Jesus.<\/h3>\n<h3 style=\"text-align: justify;\">Dona Ad\u00e9lia como era conhecida, deu entrada no hospital no \u00faltimo s\u00e1bado e ficou internada. Ela estava sentindo dores e infelizmente n\u00e3o resistiu e veio a falecer.<\/h3>\n<h3 style=\"text-align: justify;\"><span style=\"color: #0000ff;\">Dona Ad\u00e9lia \u00e9 m\u00e3e de &#8220;Van da Churrascaria&#8221;, ela deixa os filhos: Zeli, Neli, Claudiane, e Renata, tamb\u00e9m netos e bisnetos.<\/span><\/h3>\n<h3 style=\"text-align: justify;\">O Corpo est\u00e1 sendo velado na Residencial 12 de Dezemdro, na Trav. 15 a lote 12 casa 4, de onde sair\u00e1 o cortejo f\u00fanebre por volta de 16:00hs em dire\u00e7\u00e3o ao Cemit\u00e9rio Parque da Eternidade na Nova, onde o corpo ser\u00e1 sepultado.<\/h3>\n<h3 id=\"yui_3_17_2_3_1426681039236_1939\" class=\"Fz-24 Fw-300 Mb-10\">\u201cDisse-lhe Jesus: EU SOU A RESSURREI\u00c7\u00c3O E A VIDA; quem cr\u00ea em mim, ainda que esteja morto, viver\u00e1.\u201d<\/h3>\n<h3 class=\"Fz-24 Fw-300 Mb-10\">Descanse em Paz, Dona Ad\u00e9lia!<\/h3>\n","protected":false},"excerpt":{"rendered":"<p>Faleceu na noite desta segunda-feira (05) por volta de 23:00hs no hospital Cristo Redentor\/Funda\u00e7\u00e3o Jos\u00e9 Silveira, aos 63 anos, a senhora, Adelina Jesus. Dona Ad\u00e9lia como era conhecida, deu entrada no hospital no \u00faltimo s\u00e1bado e ficou internada. Ela estava sentindo dores e infelizmente n\u00e3o resistiu e veio a falecer. Dona Ad\u00e9lia \u00e9 m\u00e3e de [&hellip;]<\/p>\n","protected":false},"author":2,"featured_media":0,"comment_status":"open","ping_status":"open","sticky":false,"template":"","format":"standard","meta":{"_links_to":"","_links_to_target":""},"categories":[1],"tags":[],"_links":{"self":[{"href":"https:\/\/www.blogdotarugao.com.br\/v1\/wp-json\/wp\/v2\/posts\/95891"}],"collection":[{"href":"https:\/\/www.blogdotarugao.com.br\/v1\/wp-json\/wp\/v2\/posts"}],"about":[{"href":"https:\/\/www.blogdotarugao.com.br\/v1\/wp-json\/wp\/v2\/types\/post"}],"author":[{"embeddable":true,"href":"https:\/\/www.blogdotarugao.com.br\/v1\/wp-json\/wp\/v2\/users\/2"}],"replies":[{"embeddable":true,"href":"https:\/\/www.blogdotarugao.com.br\/v1\/wp-json\/wp\/v2\/comments?post=95891"}],"version-history":[{"count":1,"href":"https:\/\/www.blogdotarugao.com.br\/v1\/wp-json\/wp\/v2\/posts\/95891\/revisions"}],"predecessor-version":[{"id":95893,"href":"https:\/\/www.blogdotarugao.com.br\/v1\/wp-json\/wp\/v2\/posts\/95891\/revisions\/95893"}],"wp:attachment":[{"href":"https:\/\/www.blogdotarugao.com.br\/v1\/wp-json\/wp\/v2\/media?parent=95891"}],"wp:term":[{"taxonomy":"category","embeddable":true,"href":"https:\/\/www.blogdotarugao.com.br\/v1\/wp-json\/wp\/v2\/categories?post=95891"},{"taxonomy":"post_tag","embeddable":true,"href":"https:\/\/www.blogdotarugao.com.br\/v1\/wp-json\/wp\/v2\/tags?post=95891"}],"curies":[{"name":"wp","href":"https:\/\/api.w.org\/{rel}","templated":true}]}}