{"id":96073,"date":"2018-03-10T10:53:49","date_gmt":"2018-03-10T13:53:49","guid":{"rendered":"http:\/\/www.blogdotarugao.com.br\/v1\/?p=96073"},"modified":"2018-03-10T10:53:49","modified_gmt":"2018-03-10T13:53:49","slug":"prefeito-participa-de-inauguracao-do-novo-modulo-do-if-baiano-o-prefeito-rodrigo-hagge-participou-na-tarde-desta-sexta-feira-09-da-inauguracao-do-novo-modulo-do-instituto-federal-baiano-campus-de","status":"publish","type":"post","link":"https:\/\/www.blogdotarugao.com.br\/v1\/2018\/03\/10\/prefeito-participa-de-inauguracao-do-novo-modulo-do-if-baiano-o-prefeito-rodrigo-hagge-participou-na-tarde-desta-sexta-feira-09-da-inauguracao-do-novo-modulo-do-instituto-federal-baiano-campus-de\/","title":{"rendered":"Prefeito participa de inaugura\u00e7\u00e3o do novo m\u00f3dulo do IF Baiano O prefeito Rodrigo Hagge participou, na tarde desta sexta-feira, 09, da inaugura\u00e7\u00e3o do novo m\u00f3dulo do Instituto Federal Baiano, Campus de Itapetinga."},"content":{"rendered":"<h3 style=\"text-align: justify;\"><img loading=\"lazy\" class=\"  wp-image-96074 alignleft\" src=\"http:\/\/www.blogdotarugao.com.br\/v1\/wp-content\/uploads\/2018\/03\/PREF.jpg\" alt=\"PREF\" width=\"584\" height=\"384\" srcset=\"https:\/\/www.blogdotarugao.com.br\/v1\/wp-content\/uploads\/2018\/03\/PREF.jpg 960w, https:\/\/www.blogdotarugao.com.br\/v1\/wp-content\/uploads\/2018\/03\/PREF-300x197.jpg 300w\" sizes=\"(max-width: 584px) 100vw, 584px\" \/>Ao lado do magn\u00edfico reitor, Geovani Barbosa; do diretor geral R\u00f4mulo Sp\u00f3sito; da diretora administrativa, Sirlane Silva e do diretor de ensino, Gedeval Paiva Silva, o prefeito formou a mesa diretiva que realizou a solenidade de inaugura\u00e7\u00e3o das 13 novas salas de aula,<span class=\"text_exposed_show\">\u00a03 laborat\u00f3rios e mais salas de apoio que ir\u00e3o ofertar novas oportunidades de ensino aos alunos do Instituto.<img loading=\"lazy\" class=\"  wp-image-96075 alignleft\" src=\"http:\/\/www.blogdotarugao.com.br\/v1\/wp-content\/uploads\/2018\/03\/PREF1.jpg\" alt=\"PREF1\" width=\"584\" height=\"386\" srcset=\"https:\/\/www.blogdotarugao.com.br\/v1\/wp-content\/uploads\/2018\/03\/PREF1.jpg 960w, https:\/\/www.blogdotarugao.com.br\/v1\/wp-content\/uploads\/2018\/03\/PREF1-300x198.jpg 300w\" sizes=\"(max-width: 584px) 100vw, 584px\" \/> <img loading=\"lazy\" class=\"  wp-image-96080 alignleft\" src=\"http:\/\/www.blogdotarugao.com.br\/v1\/wp-content\/uploads\/2018\/03\/PREF6.jpg\" alt=\"PREF6\" width=\"585\" height=\"387\" srcset=\"https:\/\/www.blogdotarugao.com.br\/v1\/wp-content\/uploads\/2018\/03\/PREF6.jpg 960w, https:\/\/www.blogdotarugao.com.br\/v1\/wp-content\/uploads\/2018\/03\/PREF6-300x198.jpg 300w\" sizes=\"(max-width: 585px) 100vw, 585px\" \/><br \/>\nNa oportunidade, Rodrigo Hagge parabenizou a todos pela execu\u00e7\u00e3o da obra e disse ter ouvido com tristeza todos ali presentes falarem sobre a crise econ\u00f4mica, moral e pol\u00edtica pela qual passa nosso pa\u00eds. Por reconhecer o dif\u00edcil momento que atravessamos, o prefeito afirmou estar certo de que a realiza\u00e7\u00e3o celebrada naquele momento s\u00f3 foi poss\u00edvel com uma conjun\u00e7\u00e3o de esfor\u00e7os de toda equipe. E \u00e9 essa reuni\u00e3o de for\u00e7as que ele acredita ser a solu\u00e7\u00e3o dos problemas atuais.<img loading=\"lazy\" class=\"  wp-image-96079 alignleft\" src=\"http:\/\/www.blogdotarugao.com.br\/v1\/wp-content\/uploads\/2018\/03\/PREF5.jpg\" alt=\"PREF5\" width=\"585\" height=\"383\" srcset=\"https:\/\/www.blogdotarugao.com.br\/v1\/wp-content\/uploads\/2018\/03\/PREF5.jpg 960w, https:\/\/www.blogdotarugao.com.br\/v1\/wp-content\/uploads\/2018\/03\/PREF5-300x197.jpg 300w\" sizes=\"(max-width: 585px) 100vw, 585px\" \/> \u00c9 esse ingrediente que vem fazendo a diferen\u00e7a na constru\u00e7\u00e3o de uma educa\u00e7\u00e3o nova para Itapetinga. \u201cFoi atrav\u00e9s de conjun\u00e7\u00e3o de esfor\u00e7os que conseguimos inserir mais de mil alunos na sala de aula, reformamos oito escolas rurais, inauguramos a primeira escola rural em tempo integral, estamos terminando a escola municipalizada Manoel Novaes, que tamb\u00e9m ter\u00e1 educa\u00e7\u00e3o em tempo integral e estamos caminhando para a constru\u00e7\u00e3o de uma cidade educadora. S\u00f3 com a uni\u00e3o de for\u00e7as \u00e9 que conseguiremos avan\u00e7ar. <img loading=\"lazy\" class=\"  wp-image-96077 alignleft\" src=\"http:\/\/www.blogdotarugao.com.br\/v1\/wp-content\/uploads\/2018\/03\/PREF3.jpg\" alt=\"PREF3\" width=\"584\" height=\"386\" srcset=\"https:\/\/www.blogdotarugao.com.br\/v1\/wp-content\/uploads\/2018\/03\/PREF3.jpg 960w, https:\/\/www.blogdotarugao.com.br\/v1\/wp-content\/uploads\/2018\/03\/PREF3-300x198.jpg 300w\" sizes=\"(max-width: 584px) 100vw, 584px\" \/> <img loading=\"lazy\" class=\"  wp-image-96078 alignleft\" src=\"http:\/\/www.blogdotarugao.com.br\/v1\/wp-content\/uploads\/2018\/03\/PREF4.jpg\" alt=\"PREF4\" width=\"584\" height=\"386\" srcset=\"https:\/\/www.blogdotarugao.com.br\/v1\/wp-content\/uploads\/2018\/03\/PREF4.jpg 960w, https:\/\/www.blogdotarugao.com.br\/v1\/wp-content\/uploads\/2018\/03\/PREF4-300x198.jpg 300w\" sizes=\"(max-width: 584px) 100vw, 584px\" \/>As nossas institui\u00e7\u00f5es n\u00e3o podem viver de forma isolada. Por isso, tenham certeza que a equipe da prefeitura estar\u00e1 \u00e0 disposi\u00e7\u00e3o para contribuir no que for poss\u00edvel para o desenvolvimento deste Instituto\u201d, disse o prefeito, parabenizando a todos e desejando que o novo espa\u00e7o possa ser bem usufru\u00eddo por alunos e professores.<\/span><\/h3>\n\n\t\t<style type=\"text\/css\">\n\t\t\t#gallery-1 {\n\t\t\t\tmargin: auto;\n\t\t\t}\n\t\t\t#gallery-1 .gallery-item {\n\t\t\t\tfloat: left;\n\t\t\t\tmargin-top: 10px;\n\t\t\t\ttext-align: center;\n\t\t\t\twidth: 33%;\n\t\t\t}\n\t\t\t#gallery-1 img {\n\t\t\t\tborder: 2px solid #cfcfcf;\n\t\t\t}\n\t\t\t#gallery-1 .gallery-caption {\n\t\t\t\tmargin-left: 0;\n\t\t\t}\n\t\t\t\/* see gallery_shortcode() in wp-includes\/media.php *\/\n\t\t<\/style>\n\t\t<div id='gallery-1' class='gallery galleryid-96073 gallery-columns-3 gallery-size-thumbnail'><dl class='gallery-item'>\n\t\t\t<dt class='gallery-icon landscape'>\n\t\t\t\t<a href=\"https:\/\/www.blogdotarugao.com.br\/v1\/wp-content\/uploads\/2018\/03\/PREF2.jpg\" class=\"gallery_colorbox\"><img width=\"150\" height=\"150\" src=\"https:\/\/www.blogdotarugao.com.br\/v1\/wp-content\/uploads\/2018\/03\/PREF2-150x150.jpg\"  class=\"attachment-thumbnail size-thumbnail\" alt=\"\" loading=\"lazy\" \/><\/a>\n\t\t\t<\/dt><\/dl><dl class='gallery-item'>\n\t\t\t<dt class='gallery-icon landscape'>\n\t\t\t\t<a href=\"https:\/\/www.blogdotarugao.com.br\/v1\/wp-content\/uploads\/2018\/03\/PREF3.jpg\" class=\"gallery_colorbox\"><img width=\"150\" height=\"150\" src=\"https:\/\/www.blogdotarugao.com.br\/v1\/wp-content\/uploads\/2018\/03\/PREF3-150x150.jpg\"  class=\"attachment-thumbnail size-thumbnail\" alt=\"\" loading=\"lazy\" \/><\/a>\n\t\t\t<\/dt><\/dl><dl class='gallery-item'>\n\t\t\t<dt class='gallery-icon landscape'>\n\t\t\t\t<a href=\"https:\/\/www.blogdotarugao.com.br\/v1\/wp-content\/uploads\/2018\/03\/PREF4.jpg\" class=\"gallery_colorbox\"><img width=\"150\" height=\"150\" src=\"https:\/\/www.blogdotarugao.com.br\/v1\/wp-content\/uploads\/2018\/03\/PREF4-150x150.jpg\"  class=\"attachment-thumbnail size-thumbnail\" alt=\"\" loading=\"lazy\" \/><\/a>\n\t\t\t<\/dt><\/dl><br style=\"clear: both\" \/><dl class='gallery-item'>\n\t\t\t<dt class='gallery-icon landscape'>\n\t\t\t\t<a href=\"https:\/\/www.blogdotarugao.com.br\/v1\/wp-content\/uploads\/2018\/03\/PREF5.jpg\" class=\"gallery_colorbox\"><img width=\"150\" height=\"150\" src=\"https:\/\/www.blogdotarugao.com.br\/v1\/wp-content\/uploads\/2018\/03\/PREF5-150x150.jpg\"  class=\"attachment-thumbnail size-thumbnail\" alt=\"\" loading=\"lazy\" \/><\/a>\n\t\t\t<\/dt><\/dl><dl class='gallery-item'>\n\t\t\t<dt class='gallery-icon landscape'>\n\t\t\t\t<a href=\"https:\/\/www.blogdotarugao.com.br\/v1\/wp-content\/uploads\/2018\/03\/PREF6.jpg\" class=\"gallery_colorbox\"><img width=\"150\" height=\"150\" src=\"https:\/\/www.blogdotarugao.com.br\/v1\/wp-content\/uploads\/2018\/03\/PREF6-150x150.jpg\"  class=\"attachment-thumbnail size-thumbnail\" alt=\"\" loading=\"lazy\" \/><\/a>\n\t\t\t<\/dt><\/dl><dl class='gallery-item'>\n\t\t\t<dt class='gallery-icon landscape'>\n\t\t\t\t<a href=\"https:\/\/www.blogdotarugao.com.br\/v1\/wp-content\/uploads\/2018\/03\/PREF1.jpg\" class=\"gallery_colorbox\"><img width=\"150\" height=\"150\" src=\"https:\/\/www.blogdotarugao.com.br\/v1\/wp-content\/uploads\/2018\/03\/PREF1-150x150.jpg\"  class=\"attachment-thumbnail size-thumbnail\" alt=\"\" loading=\"lazy\" \/><\/a>\n\t\t\t<\/dt><\/dl><br style=\"clear: both\" \/>\n\t\t<\/div>\n\n","protected":false},"excerpt":{"rendered":"<p>Ao lado do magn\u00edfico reitor, Geovani Barbosa; do diretor geral R\u00f4mulo Sp\u00f3sito; da diretora administrativa, Sirlane Silva e do diretor de ensino, Gedeval Paiva Silva, o prefeito formou a mesa diretiva que realizou a solenidade de inaugura\u00e7\u00e3o das 13 novas salas de aula,\u00a03 laborat\u00f3rios e mais salas de apoio que ir\u00e3o ofertar novas oportunidades de [&hellip;]<\/p>\n","protected":false},"author":2,"featured_media":0,"comment_status":"open","ping_status":"open","sticky":false,"template":"","format":"standard","meta":{"_links_to":"","_links_to_target":""},"categories":[1],"tags":[],"_links":{"self":[{"href":"https:\/\/www.blogdotarugao.com.br\/v1\/wp-json\/wp\/v2\/posts\/96073"}],"collection":[{"href":"https:\/\/www.blogdotarugao.com.br\/v1\/wp-json\/wp\/v2\/posts"}],"about":[{"href":"https:\/\/www.blogdotarugao.com.br\/v1\/wp-json\/wp\/v2\/types\/post"}],"author":[{"embeddable":true,"href":"https:\/\/www.blogdotarugao.com.br\/v1\/wp-json\/wp\/v2\/users\/2"}],"replies":[{"embeddable":true,"href":"https:\/\/www.blogdotarugao.com.br\/v1\/wp-json\/wp\/v2\/comments?post=96073"}],"version-history":[{"count":1,"href":"https:\/\/www.blogdotarugao.com.br\/v1\/wp-json\/wp\/v2\/posts\/96073\/revisions"}],"predecessor-version":[{"id":96081,"href":"https:\/\/www.blogdotarugao.com.br\/v1\/wp-json\/wp\/v2\/posts\/96073\/revisions\/96081"}],"wp:attachment":[{"href":"https:\/\/www.blogdotarugao.com.br\/v1\/wp-json\/wp\/v2\/media?parent=96073"}],"wp:term":[{"taxonomy":"category","embeddable":true,"href":"https:\/\/www.blogdotarugao.com.br\/v1\/wp-json\/wp\/v2\/categories?post=96073"},{"taxonomy":"post_tag","embeddable":true,"href":"https:\/\/www.blogdotarugao.com.br\/v1\/wp-json\/wp\/v2\/tags?post=96073"}],"curies":[{"name":"wp","href":"https:\/\/api.w.org\/{rel}","templated":true}]}}