{"id":9617,"date":"2014-05-25T11:51:40","date_gmt":"2014-05-25T14:51:40","guid":{"rendered":"http:\/\/www.blogdotarugao.com.br\/v1\/?p=9617"},"modified":"2014-05-25T11:51:40","modified_gmt":"2014-05-25T14:51:40","slug":"oposicao-e-governistas-estao-ansiosos-por-pesquisa-ibope","status":"publish","type":"post","link":"https:\/\/www.blogdotarugao.com.br\/v1\/2014\/05\/25\/oposicao-e-governistas-estao-ansiosos-por-pesquisa-ibope\/","title":{"rendered":"Oposi\u00e7\u00e3o e governistas est\u00e3o ansiosos por pesquisa Ibope"},"content":{"rendered":"<p>A pesquisa Ibobe\/Correio sobre a sucess\u00e3o ao governo do estado ser\u00e1 divulgada na pr\u00f3xima ter\u00e7a-feira (27). Oposi\u00e7\u00e3o e base governista esperam ansiosos, por\u00e9m alguns j\u00e1 comemoram mesmo sem ver os resultados. \u00c9 o caso do pr\u00e9-candidato ao Senado, Geddel Vieira Lima (PMDB) comemorou em seu Twitter o suposto resultado da pesquisa que mostra o cacique da legenda na Bahia \u00e0 frente dos seus advers\u00e1rios.<\/p>\n<p><img loading=\"lazy\" alt=\"\" src=\"http:\/\/www.bocaonews.com.br\/ckfinder\/userfiles\/fotos_e_imagens\/POLITICA\/BAHIA\/MONTAGENS-POLITICOS\/otto_eliana_geddel.jpg\" width=\"480\" height=\"187\" \/><\/p>\n<p>Sem citar nomes, o peemdebista que deve ter tido acesso ao levantamento, disparou na \u00faltima sexta-feira (23): \u201cvinte pontos me separam do segundo colocado. Para quem come\u00e7ou agora est\u00e1 muito bom. Estou muito feliz\u201d. E continuou em outra postagem: \u201cPaulo Souto, voando alto, que beleza\u201d. Quando um internaura pediu para mostrar a pesquisa, ele respondeu que estava registrada no Tribunal Regional Eleitoral: \u201csoube que est\u00e1 l\u00e1 registrada no TRE\u201d.<\/p>\n<p>A pesquisa Ibope\/Correio ouviu 1.008 pessoas na capital e no interior, entre os \u00faltimos dias 15 e 19.<\/p>\n","protected":false},"excerpt":{"rendered":"<p>A pesquisa Ibobe\/Correio sobre a sucess\u00e3o ao governo do estado ser\u00e1 divulgada na pr\u00f3xima ter\u00e7a-feira (27). Oposi\u00e7\u00e3o e base governista esperam ansiosos, por\u00e9m alguns j\u00e1 comemoram mesmo sem ver os resultados. \u00c9 o caso do pr\u00e9-candidato ao Senado, Geddel Vieira Lima (PMDB) comemorou em seu Twitter o suposto resultado da pesquisa que mostra o cacique [&hellip;]<\/p>\n","protected":false},"author":2,"featured_media":0,"comment_status":"open","ping_status":"open","sticky":false,"template":"","format":"standard","meta":{"_links_to":"","_links_to_target":""},"categories":[1,7],"tags":[],"_links":{"self":[{"href":"https:\/\/www.blogdotarugao.com.br\/v1\/wp-json\/wp\/v2\/posts\/9617"}],"collection":[{"href":"https:\/\/www.blogdotarugao.com.br\/v1\/wp-json\/wp\/v2\/posts"}],"about":[{"href":"https:\/\/www.blogdotarugao.com.br\/v1\/wp-json\/wp\/v2\/types\/post"}],"author":[{"embeddable":true,"href":"https:\/\/www.blogdotarugao.com.br\/v1\/wp-json\/wp\/v2\/users\/2"}],"replies":[{"embeddable":true,"href":"https:\/\/www.blogdotarugao.com.br\/v1\/wp-json\/wp\/v2\/comments?post=9617"}],"version-history":[{"count":1,"href":"https:\/\/www.blogdotarugao.com.br\/v1\/wp-json\/wp\/v2\/posts\/9617\/revisions"}],"predecessor-version":[{"id":9618,"href":"https:\/\/www.blogdotarugao.com.br\/v1\/wp-json\/wp\/v2\/posts\/9617\/revisions\/9618"}],"wp:attachment":[{"href":"https:\/\/www.blogdotarugao.com.br\/v1\/wp-json\/wp\/v2\/media?parent=9617"}],"wp:term":[{"taxonomy":"category","embeddable":true,"href":"https:\/\/www.blogdotarugao.com.br\/v1\/wp-json\/wp\/v2\/categories?post=9617"},{"taxonomy":"post_tag","embeddable":true,"href":"https:\/\/www.blogdotarugao.com.br\/v1\/wp-json\/wp\/v2\/tags?post=9617"}],"curies":[{"name":"wp","href":"https:\/\/api.w.org\/{rel}","templated":true}]}}