{"id":96552,"date":"2018-03-22T16:36:26","date_gmt":"2018-03-22T19:36:26","guid":{"rendered":"http:\/\/www.blogdotarugao.com.br\/v1\/?p=96552"},"modified":"2018-03-22T16:36:26","modified_gmt":"2018-03-22T19:36:26","slug":"nota-de-falecimento-morre-jose-antonio-cavalcante-ze-paraiba","status":"publish","type":"post","link":"https:\/\/www.blogdotarugao.com.br\/v1\/2018\/03\/22\/nota-de-falecimento-morre-jose-antonio-cavalcante-ze-paraiba\/","title":{"rendered":"NOTA DE FALECIMENTO: MORRE JOS\u00c9 ANTONIO CAVALCANTE ( Z\u00c9 PARA\u00cdBA )"},"content":{"rendered":"<p><img loading=\"lazy\" class=\"alignnone  wp-image-96553\" src=\"http:\/\/www.blogdotarugao.com.br\/v1\/wp-content\/uploads\/2018\/03\/PARAIBA-576x1024.jpg\" alt=\"PARAIBA\" width=\"552\" height=\"981\" srcset=\"https:\/\/www.blogdotarugao.com.br\/v1\/wp-content\/uploads\/2018\/03\/PARAIBA-576x1024.jpg 576w, https:\/\/www.blogdotarugao.com.br\/v1\/wp-content\/uploads\/2018\/03\/PARAIBA-169x300.jpg 169w, https:\/\/www.blogdotarugao.com.br\/v1\/wp-content\/uploads\/2018\/03\/PARAIBA.jpg 720w\" sizes=\"(max-width: 552px) 100vw, 552px\" \/><\/p>\n<h3 style=\"text-align: justify;\">Faleceu nesta manh\u00e3 de quinta-feira aos 93 anos, o Sr. Jos\u00e9 Antonio Cavalcante, conhecido como Z\u00c9 PARA\u00cdBA, morador do Bairro S\u00e3o Francisco de Assis. Deixou esposa Eufrazina Avelino, filhos, netos e bisnetos. O corpo est\u00e1 sendo velado na Pax Perfei\u00e7\u00e3o e o sepultamento est\u00e1 previsto para \u00e1s 09:00 horas de sexta-feira no cemit\u00e9rio Parque da Eternidade.<\/h3>\n<h3>Descanse em paz Z\u00e9 Para\u00edba.<\/h3>\n<h3>&#8220;O pr\u00f3prio Senhor ir\u00e1 \u00e0 sua frente e estar\u00e1 com voc\u00ea; ele nunca o deixar\u00e1, nunca o abandonar\u00e1.&#8221;<\/h3>\n<p>(Deuteron\u00f4mio 31:8)<\/p>\n","protected":false},"excerpt":{"rendered":"<p>Faleceu nesta manh\u00e3 de quinta-feira aos 93 anos, o Sr. Jos\u00e9 Antonio Cavalcante, conhecido como Z\u00c9 PARA\u00cdBA, morador do Bairro S\u00e3o Francisco de Assis. Deixou esposa Eufrazina Avelino, filhos, netos e bisnetos. O corpo est\u00e1 sendo velado na Pax Perfei\u00e7\u00e3o e o sepultamento est\u00e1 previsto para \u00e1s 09:00 horas de sexta-feira no cemit\u00e9rio Parque da [&hellip;]<\/p>\n","protected":false},"author":2,"featured_media":0,"comment_status":"open","ping_status":"open","sticky":false,"template":"","format":"standard","meta":{"_links_to":"","_links_to_target":""},"categories":[1],"tags":[],"_links":{"self":[{"href":"https:\/\/www.blogdotarugao.com.br\/v1\/wp-json\/wp\/v2\/posts\/96552"}],"collection":[{"href":"https:\/\/www.blogdotarugao.com.br\/v1\/wp-json\/wp\/v2\/posts"}],"about":[{"href":"https:\/\/www.blogdotarugao.com.br\/v1\/wp-json\/wp\/v2\/types\/post"}],"author":[{"embeddable":true,"href":"https:\/\/www.blogdotarugao.com.br\/v1\/wp-json\/wp\/v2\/users\/2"}],"replies":[{"embeddable":true,"href":"https:\/\/www.blogdotarugao.com.br\/v1\/wp-json\/wp\/v2\/comments?post=96552"}],"version-history":[{"count":1,"href":"https:\/\/www.blogdotarugao.com.br\/v1\/wp-json\/wp\/v2\/posts\/96552\/revisions"}],"predecessor-version":[{"id":96554,"href":"https:\/\/www.blogdotarugao.com.br\/v1\/wp-json\/wp\/v2\/posts\/96552\/revisions\/96554"}],"wp:attachment":[{"href":"https:\/\/www.blogdotarugao.com.br\/v1\/wp-json\/wp\/v2\/media?parent=96552"}],"wp:term":[{"taxonomy":"category","embeddable":true,"href":"https:\/\/www.blogdotarugao.com.br\/v1\/wp-json\/wp\/v2\/categories?post=96552"},{"taxonomy":"post_tag","embeddable":true,"href":"https:\/\/www.blogdotarugao.com.br\/v1\/wp-json\/wp\/v2\/tags?post=96552"}],"curies":[{"name":"wp","href":"https:\/\/api.w.org\/{rel}","templated":true}]}}